{"id":163517,"date":"2018-08-19T11:57:08","date_gmt":"2018-08-19T09:57:08","guid":{"rendered":"http:\/\/www.cronacaonline.it\/public\/content\/?p=163517"},"modified":"2018-08-19T11:57:08","modified_gmt":"2018-08-19T09:57:08","slug":"elisoccorso-secondo-intervento-fuori-regione-paziente-trasportata-da-nuoro-a-torino","status":"publish","type":"post","link":"https:\/\/www.cronacaonline.it\/index.php\/2018\/08\/19\/elisoccorso-secondo-intervento-fuori-regione-paziente-trasportata-da-nuoro-a-torino\/","title":{"rendered":"Elisoccorso, secondo intervento fuori regione. Paziente trasportata da Nuoro a Torino"},"content":{"rendered":"<div id=\"xandmail_widget_layout_ContentPane_2\" class=\"preview_msgHeader dijitContentPane dijitAlignTop\" dir=\"ltr\" title=\"\">\n<div id=\"short_preview64190\" class=\"view_shortHeader\">\n<div class=\"subject\">\n<p>Nuoro, 19 Ago 2018\u00a0- Secondo trasferimento fuori regione per uno dei mezzi del servizio di elisoccorso. Ieri pomeriggio l'intervento dell'elicottero di stanza ad Olbia \u00e8 stato richiesto per il trasporto urgente di una dodicenne ricoverata nel reparto di Rianimazione del San Francesco di Nuoro. Alla bambina, che si \u00e8 sentita male mentre si trovava in vacanza con i genitori, \u00e8 stato diagnostico un tumore cerebrale che richiedeva un intervento chirurgico urgente. L'elicottero \u00e8 partito dalle 16.45 da Nuoro e ha trasportato la bambina al reparto di Neurochirugia pediatrica dell'ospedale Molinette di Torino, centro di eccellenza nazionale.<\/p>\n<p>Poco prima delle 23 l'elicottero ha fatto rientro alla base di Olbia.<\/p>\n<\/div>\n<\/div>\n<\/div>\n","protected":false},"excerpt":{"rendered":"<p>Nuoro, 19 Ago 2018\u00a0&#8211; Secondo trasferimento fuori regione per uno dei mezzi del servizio di elisoccorso. Ieri pomeriggio l&#8217;intervento dell&#8217;elicottero di stanza ad Olbia \u00e8&#8230;<\/p>\n","protected":false},"author":2,"featured_media":160966,"comment_status":"closed","ping_status":"closed","sticky":false,"template":"","format":"standard","meta":[],"categories":[49,51,53],"tags":[],"_links":{"self":[{"href":"https:\/\/www.cronacaonline.it\/index.php\/wp-json\/wp\/v2\/posts\/163517"}],"collection":[{"href":"https:\/\/www.cronacaonline.it\/index.php\/wp-json\/wp\/v2\/posts"}],"about":[{"href":"https:\/\/www.cronacaonline.it\/index.php\/wp-json\/wp\/v2\/types\/post"}],"author":[{"embeddable":true,"href":"https:\/\/www.cronacaonline.it\/index.php\/wp-json\/wp\/v2\/users\/2"}],"replies":[{"embeddable":true,"href":"https:\/\/www.cronacaonline.it\/index.php\/wp-json\/wp\/v2\/comments?post=163517"}],"version-history":[{"count":0,"href":"https:\/\/www.cronacaonline.it\/index.php\/wp-json\/wp\/v2\/posts\/163517\/revisions"}],"wp:featuredmedia":[{"embeddable":true,"href":"https:\/\/www.cronacaonline.it\/index.php\/wp-json\/wp\/v2\/media\/160966"}],"wp:attachment":[{"href":"https:\/\/www.cronacaonline.it\/index.php\/wp-json\/wp\/v2\/media?parent=163517"}],"wp:term":[{"taxonomy":"category","embeddable":true,"href":"https:\/\/www.cronacaonline.it\/index.php\/wp-json\/wp\/v2\/categories?post=163517"},{"taxonomy":"post_tag","embeddable":true,"href":"https:\/\/www.cronacaonline.it\/index.php\/wp-json\/wp\/v2\/tags?post=163517"}],"curies":[{"name":"wp","href":"https:\/\/api.w.org\/{rel}","templated":true}]}}