{"id":163514,"date":"2018-08-18T18:23:10","date_gmt":"2018-08-18T16:23:10","guid":{"rendered":"http:\/\/www.cronacaonline.it\/public\/content\/?p=163514"},"modified":"2018-08-18T18:23:10","modified_gmt":"2018-08-18T16:23:10","slug":"lestate-nera-del-turismo-in-sardegna-la-stagione-estiva-non-e-decollata-neanche-a-ferragosto-previsioni-di-perdite-fino-al-30-per-gli-esercenti","status":"publish","type":"post","link":"https:\/\/www.cronacaonline.it\/index.php\/2018\/08\/18\/lestate-nera-del-turismo-in-sardegna-la-stagione-estiva-non-e-decollata-neanche-a-ferragosto-previsioni-di-perdite-fino-al-30-per-gli-esercenti\/","title":{"rendered":"L\u2019estate nera del turismo in Sardegna: la stagione estiva non \u00e8 decollata neanche a ferragosto previsioni di perdite fino al 30% per gli esercenti."},"content":{"rendered":"<p>Cagliari, 18 Ago 2018 - Chi aspettava almeno la settimana di ferragosto per il rilancio di una stagione iniziata un po\u2019 fiacca non ha avuto la risposta sperata. In attesa di conoscere i dati ufficiali sugli arrivi, possiamo sicuramente affermare che gli affari non sono andati per niente bene e a pagare lo scotto \u00e8 tutto il comparto turistico: dagli hotel ai servizi spiaggia, ma anche i commercianti, market compresi.<\/p>\n<p>\u201cSiamo nel pieno della stagione, eppure la delusione e lo sconforto \u00e8 tangibile in tutte le localit\u00e0 turistiche della regione \u2013 afferma\u00a0Gian Battista Piana,\u00a0direttore Confesercenti Sardegna\u00a0\u2013 da pi\u00f9 parti e ci riferiamo principalmente al comparto della somministrazione si dichiarano perdite rispetto all\u2019anno scorso vicine al 30%. Vogliamo pensare che sia solo una percentuale dettata da valutazioni\u00a0sommarie, pi\u00f9 umorali che\u00a0scientifiche; ma \u00e8 evidente che se a fine stagione, quando tireremo le somme, il dato si dovesse confermare, sarebbe un vero e proprio disastro.\u201d<\/p>\n<p>Ma lo sarebbe anche se la percentuale fosse pi\u00f9 bassa, perch\u00e9 sempre di perdite si parla a parit\u00e0 di costi affrontati. Ristoranti, bar, negozi, botteghe, ma anche\u00a0i supermercati\u00a0(seppur meno)\u00a0registrano un segno negativo.\u00a0Si vede poca gente in giro e quei pochi spendono il minimo indispensabile, anche per mangiare,\u00a0segno evidente che il risparmio \u00e8 la parola chiave di questa stagione turistica.<\/p>\n<p>E il dato negativo segna in particolar modo ristoranti, in cui spesso il consumo risulta limitato a una sola portata.<\/p>\n<p>Il malcontento \u00e8 rappresentato anche dagli albergatori. \u201cSi prevedeva una buona stagione, almeno come l\u2019anno scorso, ma a parte rare eccezioni non c\u2019\u00e8 stato il pienone \u2013 rivela\u00a0Carlo Amaduzzi, presidente Assohotel Sardegna\u00a0\u2013 in diverse strutture hanno prenotato all\u2019ultimo minuto, e in altre c\u2019\u00e8 ancora posto. Forse il fatto che la situazione nel Mediterraneo si \u00e8 placata portando i turisti verso mete pi\u00f9 economiche e meglio organizzate. Noi invece siamo rimasti fermi, non abbiamo fatto tesoro del boom dell\u2019anno scorso. Abbiamo solo un prodotto turistico legato alla balneazione e basta. Non si \u00e8 stati in grado di realizzare nuovi prodotti che creassero attrattivit\u00e0: circuiti ciclabili, sentieristica, trekking. Nulla. E i turisti vanno altrove.\u201d<\/p>\n<p>E ad affermare la stagione deludente anche per i servizi spiaggia, \u00e8\u00a0Gigi Molinari, presidente Fiba Sardegna: \u201cUn calo drastico, sia di presenze che di potere di spesa di coloro che arrivano. Nello stesso periodo rispetto all\u2019anno scorso abbiamo avuto un calo che arriva quasi certamente al 30%. Non si \u00e8 lavorato sulla fidelizzazione usando il vantaggio dell\u2019anno scorso. Non si offre nulla di nuovo e i turisti che arrivano spesso sono di fascia bassa e hanno gi\u00e0 speso la maggior parte del budget fra trasporti e alloggio. Il resto spesso \u00e8 un extra che non ci si pu\u00f2 permettere, come i nostri servizi. Tutto \u00e8 rimasto fermo senza sgravi fiscali. Tutto si sta fermando ed \u00e8 un vero e proprio disastro. Per noi ancora di pi\u00f9, 600 aziende in tutta l\u2019Isola che, senza sgravi fiscali e i costi per il personale, per noi \u00e8 un vero e proprio disastro\u201d. Com<\/p>\n","protected":false},"excerpt":{"rendered":"<p>Cagliari, 18 Ago 2018 &#8211; Chi aspettava almeno la settimana di ferragosto per il rilancio di una stagione iniziata un po\u2019 fiacca non ha avuto&#8230;<\/p>\n","protected":false},"author":2,"featured_media":121977,"comment_status":"closed","ping_status":"closed","sticky":false,"template":"","format":"standard","meta":[],"categories":[49,51,53],"tags":[],"_links":{"self":[{"href":"https:\/\/www.cronacaonline.it\/index.php\/wp-json\/wp\/v2\/posts\/163514"}],"collection":[{"href":"https:\/\/www.cronacaonline.it\/index.php\/wp-json\/wp\/v2\/posts"}],"about":[{"href":"https:\/\/www.cronacaonline.it\/index.php\/wp-json\/wp\/v2\/types\/post"}],"author":[{"embeddable":true,"href":"https:\/\/www.cronacaonline.it\/index.php\/wp-json\/wp\/v2\/users\/2"}],"replies":[{"embeddable":true,"href":"https:\/\/www.cronacaonline.it\/index.php\/wp-json\/wp\/v2\/comments?post=163514"}],"version-history":[{"count":0,"href":"https:\/\/www.cronacaonline.it\/index.php\/wp-json\/wp\/v2\/posts\/163514\/revisions"}],"wp:featuredmedia":[{"embeddable":true,"href":"https:\/\/www.cronacaonline.it\/index.php\/wp-json\/wp\/v2\/media\/121977"}],"wp:attachment":[{"href":"https:\/\/www.cronacaonline.it\/index.php\/wp-json\/wp\/v2\/media?parent=163514"}],"wp:term":[{"taxonomy":"category","embeddable":true,"href":"https:\/\/www.cronacaonline.it\/index.php\/wp-json\/wp\/v2\/categories?post=163514"},{"taxonomy":"post_tag","embeddable":true,"href":"https:\/\/www.cronacaonline.it\/index.php\/wp-json\/wp\/v2\/tags?post=163514"}],"curies":[{"name":"wp","href":"https:\/\/api.w.org\/{rel}","templated":true}]}}