{"id":163501,"date":"2018-08-18T08:57:02","date_gmt":"2018-08-18T06:57:02","guid":{"rendered":"http:\/\/www.cronacaonline.it\/public\/content\/?p=163501"},"modified":"2018-08-18T08:57:02","modified_gmt":"2018-08-18T06:57:02","slug":"confartigianato-sardegna-imprese-under-35-in-sardegna-una-nuova-impresa-su-tre-e-guidata-da-un-giovane-imprenditore-che-hanno-realizzato-15-563-le-realta-attive","status":"publish","type":"post","link":"https:\/\/www.cronacaonline.it\/index.php\/2018\/08\/18\/confartigianato-sardegna-imprese-under-35-in-sardegna-una-nuova-impresa-su-tre-e-guidata-da-un-giovane-imprenditore-che-hanno-realizzato-15-563-le-realta-attive\/","title":{"rendered":"Confartigianato Sardegna &#8211; Imprese Under 35: in Sardegna una nuova impresa su tre \u00e8 guidata da un giovane imprenditore che hanno realizzato 15.563 le realt\u00e0 attive."},"content":{"rendered":"<p>Cagliari, 18 Ago 2018 - Attivit\u00e0 per edifici e paesaggio, servizi alla persona, ristorazione, servizi agli uffici, attivit\u00e0 finanziarie e commercio sono i principali settori nei quali i giovani investono i pochi, risparmi, e le, tante, energie non arrendendosi alle difficolt\u00e0 del mercato, ad un credito asfittico, alla tanta burocrazia e alla concorrenza sleale, italiana e straniera. Questo \u00e8 quanto ci\u00f2 che emerge dall\u2019analisi dell\u2019Osservatorio per le PMI di Confartigianato Imprese Sardegna, sui dati di Unioncamere-Infocamere di giugno 2018.<\/p>\n<p>Le realt\u00e0 under 35 attive in Sardegna al 30 giugno di quest\u2019anno, tra tutti i comparti produttivi, sono ben 15.563. Le nuove iscrizioni, nel secondo trimestre, sono risultate 777 con un saldo (aperture-chiusure) tra aprile e giugno di 518 attivit\u00e0.<\/p>\n<p>La giovane economia isolana, con il 29,7%, \u00e8 al nono posto in Italia per le quote di iscrizioni under 35 sul totale delle iscrizioni agli albi delle imprese delle Camere di Commercio. Al primo posto la Calabria con il 40,9%, al secondo la Campania con il 40,8% contro una media italiana del 30,8%.<\/p>\n<p>Nel complesso, il peso dell\u2019imprenditoria giovanile sarda sul totale delle imprese regionali \u00e8 del 9,2%, percentuale che appare determinante per assicurare il ricambio della base produttiva regionale.<\/p>\n<p>Rispetto alla media delle imprese, quelle giovanili scontano per\u00f2 una fragilit\u00e0 maggiore dal punto di vista patrimoniale. Con riferimento alle imprese costruite in forma di societ\u00e0 e con un capitale dichiarato, la quota di imprese under 35 con capitale sociale superiore ai 10mila euro \u00e8 nettamente inferiore alla media di ognuna delle classi.<\/p>\n<p>Quanto alla rappresentativit\u00e0 della societ\u00e0 italiana, rispetto alla media generale l\u2019imprenditoria giovanile vede una presenza relativamente maggiore di imprese femminili (il 28,9% contro una media generale del 21,9%) e della componente straniera di provenienza extra UE (il 15,9% contro il 7,7%).<\/p>\n<p>\u201cIl momento dell\u2019avvio di un\u2019impresa, per un giovane, \u00e8 molto delicato \u2013 afferma Stefano Mameli, Segretario Regionale di Confartigianato Sardegna - oltre alle tante difficolt\u00e0 burocratiche, ai dubbi su come reagir\u00e0 il mercato, all\u2019investimento economico iniziale, a una concorrenza sleale di chi invece decide comodamente di rimanere nel sommerso, si aggiungono dei costi importanti che il giovane deve sostenere, a partire da quelli previdenziali e fiscali\u201d. \u201cLa fase di start up dovrebbe essere quella pi\u00f9 tutelata \u2013 continua Mameli - quella nella quale lo Stato interviene per aiutare l\u2019impresa a germogliare e a camminare poi da sola, con tutti i risvolti positivi che derivano poi all\u2019intera societ\u00e0\u201d.<\/p>\n<p>Per questi motivi, Confartigianato Sardegna ha chiesto anche alla Commissione Speciale per l\u2019Artigianato e il Commercio, istituita in Consiglio Regionale \u201cl\u2019impegno a intervenire su due fronti, con veri incentivi utili ad avviare una nuova impresa\u201d.<\/p>\n<p>\u201cUn primo intervento proposto da Confartigianato - sottolinea il Segretario - va nella direzione di puntare sui giovani che vogliano avviare un percorso sull\u2019artigianato, abbattendo del 50% il costo previdenziale per almeno due anni per le imprese artigiane di nuova costituzione\u201d. \u201cLa seconda proposta \u2013 conclude Mameli - prevede degli sgravi contributivi e fiscali per le imprese interessate da passaggio generazionale\u201d.<\/p>\n<p>Le imprese under 35 della Sardegna al 30 giugno 2018<\/p>\n<table style=\"height: 309px;\" width=\"932\">\n<tbody>\n<tr>\n<td width=\"102\">&nbsp;<\/td>\n<td width=\"126\">Imprese Registrate al 30 giugno 2018<\/td>\n<td width=\"96\">Iscrizioni nel II trimestre 2018<\/td>\n<td width=\"112\">Saldo aprile-giugn0 2018<\/td>\n<td width=\"102\">Quota % iscrizioni under 35 su totale iscrizioni nel II trimestre 2018<\/td>\n<td width=\"102\">Quota % under 35 sul totale imprese al 30 giugno 2018<\/td>\n<\/tr>\n<tr>\n<td width=\"102\">SARDEGNA<\/td>\n<td width=\"126\">15.563<\/td>\n<td width=\"96\">777<\/td>\n<td width=\"112\">518<\/td>\n<td width=\"102\">29,7%<\/td>\n<td width=\"102\">9,2%<\/td>\n<\/tr>\n<\/tbody>\n<\/table>\n","protected":false},"excerpt":{"rendered":"<p>Cagliari, 18 Ago 2018 &#8211; Attivit\u00e0 per edifici e paesaggio, servizi alla persona, ristorazione, servizi agli uffici, attivit\u00e0 finanziarie e commercio sono i principali settori&#8230;<\/p>\n","protected":false},"author":2,"featured_media":138972,"comment_status":"closed","ping_status":"closed","sticky":false,"template":"","format":"standard","meta":[],"categories":[49,51,53],"tags":[],"_links":{"self":[{"href":"https:\/\/www.cronacaonline.it\/index.php\/wp-json\/wp\/v2\/posts\/163501"}],"collection":[{"href":"https:\/\/www.cronacaonline.it\/index.php\/wp-json\/wp\/v2\/posts"}],"about":[{"href":"https:\/\/www.cronacaonline.it\/index.php\/wp-json\/wp\/v2\/types\/post"}],"author":[{"embeddable":true,"href":"https:\/\/www.cronacaonline.it\/index.php\/wp-json\/wp\/v2\/users\/2"}],"replies":[{"embeddable":true,"href":"https:\/\/www.cronacaonline.it\/index.php\/wp-json\/wp\/v2\/comments?post=163501"}],"version-history":[{"count":0,"href":"https:\/\/www.cronacaonline.it\/index.php\/wp-json\/wp\/v2\/posts\/163501\/revisions"}],"wp:featuredmedia":[{"embeddable":true,"href":"https:\/\/www.cronacaonline.it\/index.php\/wp-json\/wp\/v2\/media\/138972"}],"wp:attachment":[{"href":"https:\/\/www.cronacaonline.it\/index.php\/wp-json\/wp\/v2\/media?parent=163501"}],"wp:term":[{"taxonomy":"category","embeddable":true,"href":"https:\/\/www.cronacaonline.it\/index.php\/wp-json\/wp\/v2\/categories?post=163501"},{"taxonomy":"post_tag","embeddable":true,"href":"https:\/\/www.cronacaonline.it\/index.php\/wp-json\/wp\/v2\/tags?post=163501"}],"curies":[{"name":"wp","href":"https:\/\/api.w.org\/{rel}","templated":true}]}}