{"id":163471,"date":"2018-08-16T14:53:03","date_gmt":"2018-08-16T12:53:03","guid":{"rendered":"http:\/\/www.cronacaonline.it\/public\/content\/?p=163471"},"modified":"2018-08-16T14:53:03","modified_gmt":"2018-08-16T12:53:03","slug":"mirto-festival-internazionale-del-mirto-prende-il-via-la-quarta-edizione-da-porto-rotondo-a-olbia-quattro-giorni-tra-degustazioni-ed-eventi-nel-segno-delle-eccellenze-enogastronomiche-e-le-tradizio","status":"publish","type":"post","link":"https:\/\/www.cronacaonline.it\/index.php\/2018\/08\/16\/mirto-festival-internazionale-del-mirto-prende-il-via-la-quarta-edizione-da-porto-rotondo-a-olbia-quattro-giorni-tra-degustazioni-ed-eventi-nel-segno-delle-eccellenze-enogastronomiche-e-le-tradizio\/","title":{"rendered":"Mirt\u00f2, festival internazionale del Mirto: prende il via la quarta edizione da Porto Rotondo a Olbia, quattro giorni tra degustazioni ed eventi nel segno delle eccellenze enogastronomiche e le tradizioni della Sardegna"},"content":{"rendered":"<p>Olbia, 16 Ago 2018 - Il festival internazionale del mirto parte domani, venerd\u00ec 17 agosto, da Porto Rotondo, per una anteprima suggestiva nel borgo capitale del turismo, per spostarsi poi a Olbia, lungo una direttrice che coinvolger\u00e0 tutto il centro storico della citt\u00e0. Da sabato 18 agosto a luned\u00ec 20 agosto, un percorso che si snoda da piazza Elena di Gallura, davanti al Comune e a ridosso del Molo Brin, passando per gli stand di Corso Umberto, fino a raggiungere le piazze Regina Margherita e Matteotti. Un insieme di isole tematiche, dall\u2019Isola del Mirto a quella del Gusto, a quelle degli Artigiani e del Miele, che rappresentano vetrine delle eccellenze enogastronomiche, artistiche e culturali. Un\u2019idea di festival che rompe i confini locali, per diventare festa di tutta la Sardegna, all\u2019interno di una vocazione sempre pi\u00f9 regionale, di valorizzazione del meglio delle produzioni dell\u2019Isola.<\/p>\n<p>All\u2019interno di un format innovativo, ecco una serie di eventi a loro modo unici per Olbia. A partire dal concerto del grande chitarrista Marino De Rosas, che si esibir\u00e0 domenica 19 agosto, dalle 21,30, nella terrazza del Museo Archeologico. Per chiudere con il concerto di Piero Marras, che ha deciso di festeggiare i 40 anni di una straordinaria carriera proprio all\u2019interno del Festival Mirt\u00f2, durante il quale suoner\u00e0 brani del suo incredibile repertorio luned\u00ec 20 agosto, dalle 22, in piazza Elena di Gallura, all\u2019interno dell\u2019Isola del Gusto.<\/p>\n<p>Qui di seguito il programma di Mirt\u00f2, da venerd\u00ec 17 agosto a Porto Rotondo a luned\u00ec 20 agosto a Olbia<\/p>\n<p>Programma 4\u00b0 Festival internazionale del Mirto<\/p>\n<p>17 Agosto 2018 Porto Rotondo\u00a0\u00a0\u00a0 18-20 Agosto 2018 Olbia<\/p>\n<p>VENERDI\u2019 17 AGOSTO - Porto Rotondo<\/p>\n<ol>\n<li>18:00 Via Belli, Piazza Cascella - Apertura Stand produttori Mirto.<\/li>\n<\/ol>\n<p>h: 22:30 Anfiteatro Mario Ceroli - Alan Soul feat Sardinia Soul Sisters Live Concert.<\/p>\n<p>SABATO 18 AGOSTO - Olbia<\/p>\n<ol>\n<li>18:00 Corso Umberto, Ex Scolastico - Apertura Stand Isola del Mirto.<\/li>\n<li>18:00 Piazza Regina Margherita - Apertura Stand Isola degli Artigiani.<\/li>\n<li>18:00 Museo Archeologico \u2013Mostra Naturalistica Sardegna Foreste, i Tesori naturali di un\u2019Isola.<\/li>\n<li>19:30 Piazza Elena di Gallura \u2013 Apertura Stand Isola del Gusto.<\/li>\n<li>22:30 Piazza Santa Croce \u2013 Spettacolo Live di Leano Morelli.<\/li>\n<li>23:00 Corso Umberto Isola del Mirto \u2013 Manuela Senes in concerto.<\/li>\n<\/ol>\n<p>DOMENICA 19 AGOSTO - Olbia<\/p>\n<ol>\n<li>18:00 Corso Umberto, Ex Scolastico - Apertura Stand Isola del Mirto.<\/li>\n<li>18:00 Piazza Regina Margherita - Apertura Stand Isola degli Artigiani.<\/li>\n<li>18:00 Museo Archeologico \u2013Mostra naturalistica Sardegna Foreste, i Tesori Naturali di un\u2019Isola.<\/li>\n<li>18:30 Via Porto Romano fronte Expo Olbia \u2013 Riproposizione Antichi mestieri a cura del Gruppo Folk Is Massaius Suerxinus di S. Giovanni Suergiu.<\/li>\n<li>19:30 Piazza Matteotti \u2013 Apertura Stand Isola del Miele.<\/li>\n<li>19:30 Piazza Elena di Gallura \u2013 Apertura Stand Isola del Gusto.<\/li>\n<li>21:00 Spettacolo itinerante \u2013 Coro San Tomaso Berchiddeddu.<\/li>\n<li>21:30 Terrazza Museo Archeologico \u2013Marino De Rosas in concerto \u201cSuoni della Sardegna e del Mediterraneo\u201d<\/li>\n<li>23:30 Corso Umberto Isola del Mirto \u2013 Manuela Senes in concerto.<\/li>\n<\/ol>\n<p>LUNEDI\u2019 20 AGOSTO - Olbia<\/p>\n<ol>\n<li>18:00 Corso Umberto, Ex Scolastico - Apertura Stand Isola del Mirto.<\/li>\n<li>18:00 Piazza Regina Margherita - Apertura Stand Isola degli Artigiani.<\/li>\n<li>18:00 Museo Archeologico \u2013Mostra Naturalistica Sardegna Foreste, i Tesori Naturali di un\u2019Isola.<\/li>\n<li>19:30 Piazza Elena di Gallura \u2013 Apertura Stand Isola del Gusto.<\/li>\n<li>22:00 Piazza Elena di Gallura \u2013 Piero Marras in concerto.<\/li>\n<li>22:30 Piazza Regina Margherita Isola degli Artigiani\u2013 Manuela Senes in concerto.<\/li>\n<\/ol>\n<p>Isola del Gusto \u2013 Piazza Elena di Gallura<\/p>\n<p>Specialit\u00e0 enogastronomiche a cura degli chef Mirt\u00f2, l\u2019Unione dei Comuni Barbagia e gli Chef di Isola della Scala (VR).<\/p>\n<p>Isola del Mirto \u2013 Corso Umberto (Ex Scolastico)<\/p>\n<p>Esposizione dei Produttori di Mirto della Sardegna.<\/p>\n<p>Isola degli Artigiani \u2013 Piazza Regina Margherita<\/p>\n<p>Esposizione Artigianato di qualit\u00e0.<\/p>\n<p>Sardegna Foreste, i Tesori Naturali di un\u2019Isola \u2013 Museo Archeologico<\/p>\n<p>Mostra Naturalistica a cura dell\u2019Agenzia Regionale Forestas.<\/p>\n<p>Isola del Miele \u2013 Piazza Matteotti 19 Agosto<\/p>\n<p>Esposizione Produttori della Citt\u00e0 del Miele di Monti.<\/p>\n<p>Degustazione Ricotta con Miele<\/p>\n<p>Degustazione Vermentino di Gallura Docg.<\/p>\n<p>Guido Costa \u2013 Fotografie della Sardegna nel primo Novecento.<\/p>\n<p>Mostra fotografica a cura di Deamater \u2013 Expo Olbia, Via Porto Romano. Com<\/p>\n","protected":false},"excerpt":{"rendered":"<p>Olbia, 16 Ago 2018 &#8211; Il festival internazionale del mirto parte domani, venerd\u00ec 17 agosto, da Porto Rotondo, per una anteprima suggestiva nel borgo capitale&#8230;<\/p>\n","protected":false},"author":2,"featured_media":163472,"comment_status":"closed","ping_status":"closed","sticky":false,"template":"","format":"standard","meta":[],"categories":[49,51,54],"tags":[],"_links":{"self":[{"href":"https:\/\/www.cronacaonline.it\/index.php\/wp-json\/wp\/v2\/posts\/163471"}],"collection":[{"href":"https:\/\/www.cronacaonline.it\/index.php\/wp-json\/wp\/v2\/posts"}],"about":[{"href":"https:\/\/www.cronacaonline.it\/index.php\/wp-json\/wp\/v2\/types\/post"}],"author":[{"embeddable":true,"href":"https:\/\/www.cronacaonline.it\/index.php\/wp-json\/wp\/v2\/users\/2"}],"replies":[{"embeddable":true,"href":"https:\/\/www.cronacaonline.it\/index.php\/wp-json\/wp\/v2\/comments?post=163471"}],"version-history":[{"count":0,"href":"https:\/\/www.cronacaonline.it\/index.php\/wp-json\/wp\/v2\/posts\/163471\/revisions"}],"wp:featuredmedia":[{"embeddable":true,"href":"https:\/\/www.cronacaonline.it\/index.php\/wp-json\/wp\/v2\/media\/163472"}],"wp:attachment":[{"href":"https:\/\/www.cronacaonline.it\/index.php\/wp-json\/wp\/v2\/media?parent=163471"}],"wp:term":[{"taxonomy":"category","embeddable":true,"href":"https:\/\/www.cronacaonline.it\/index.php\/wp-json\/wp\/v2\/categories?post=163471"},{"taxonomy":"post_tag","embeddable":true,"href":"https:\/\/www.cronacaonline.it\/index.php\/wp-json\/wp\/v2\/tags?post=163471"}],"curies":[{"name":"wp","href":"https:\/\/api.w.org\/{rel}","templated":true}]}}