{"id":163301,"date":"2018-08-10T20:05:01","date_gmt":"2018-08-10T18:05:01","guid":{"rendered":"http:\/\/www.cronacaonline.it\/public\/content\/?p=163301"},"modified":"2018-08-10T20:05:01","modified_gmt":"2018-08-10T18:05:01","slug":"metano-assessora-piras-a-salvini-dica-chiaramente-cosa-il-governo-vuole-fare-la-giunta-va-avanti-spedita","status":"publish","type":"post","link":"https:\/\/www.cronacaonline.it\/index.php\/2018\/08\/10\/metano-assessora-piras-a-salvini-dica-chiaramente-cosa-il-governo-vuole-fare-la-giunta-va-avanti-spedita\/","title":{"rendered":"Metano, Assessora Piras a Salvini &#8220;dica chiaramente cosa il governo vuole fare. La giunta va avanti spedita&#8221;"},"content":{"rendered":"<p>Sassari, 10 Ago 2018 - \"Il Ministro Salvini crede che la Sardegna abbia diritto ad avere un costo dell'energia uguale a quello degli altri Italiani? O pensa che dobbiamo continuare a pagare 400 milioni in pi\u00f9 all'anno perch\u00e9 a qualcuno nel suo Governo non piace il metano?\". Lo domanda l'assessora dell'Industria, Maria Grazia Piras, commentando l'intervista del vicepremier pubblicata\u00a0oggi\u00a0sull'Unione Sarda. \"L'autorevole esponente del Governo Conte ci sembra aver evitato con cura l'argomento metano, evidentemente per lui molto complicato - prosegue l'assessora Piras. \"Gli fanno notare che non abbiamo il metano e lui non risponde, ma liquida la domanda parlando invece dello stato nostre ferrovie.<\/p>\n<p>Il progetto metano, pensato da questa Giunta e approvato dai governi Renzi e Gentiloni, ha fatto enormi passi avanti. Se vogliono fermarlo abbiano il coraggio di dirlo ai Sardi. Qualche parlamentare del Movimento Cinquestelle lo ha gi\u00e0 detto chiaramente, lo faccia anche Salvini se la pensa allo stesso modo. Per chiarezza, cos\u00ec ognuno potr\u00e0 giudicare da che parte stare\". Quanto alle Ferrovie, conclude l'assessora \"per migliorarle, col Patto per la Sardegna, abbiamo ottenuto che nel contratto di programma RFI si stanziassero oltre 300 milioni. Il Governo ci dia una mano per far s\u00ec che RFI completi i lavori il prima possibile\". Red<\/p>\n","protected":false},"excerpt":{"rendered":"<p>Sassari, 10 Ago 2018 &#8211; &#8220;Il Ministro Salvini crede che la Sardegna abbia diritto ad avere un costo dell&#8217;energia uguale a quello degli altri Italiani?&#8230;<\/p>\n","protected":false},"author":2,"featured_media":161661,"comment_status":"closed","ping_status":"closed","sticky":false,"template":"","format":"standard","meta":[],"categories":[49,51,52],"tags":[],"_links":{"self":[{"href":"https:\/\/www.cronacaonline.it\/index.php\/wp-json\/wp\/v2\/posts\/163301"}],"collection":[{"href":"https:\/\/www.cronacaonline.it\/index.php\/wp-json\/wp\/v2\/posts"}],"about":[{"href":"https:\/\/www.cronacaonline.it\/index.php\/wp-json\/wp\/v2\/types\/post"}],"author":[{"embeddable":true,"href":"https:\/\/www.cronacaonline.it\/index.php\/wp-json\/wp\/v2\/users\/2"}],"replies":[{"embeddable":true,"href":"https:\/\/www.cronacaonline.it\/index.php\/wp-json\/wp\/v2\/comments?post=163301"}],"version-history":[{"count":0,"href":"https:\/\/www.cronacaonline.it\/index.php\/wp-json\/wp\/v2\/posts\/163301\/revisions"}],"wp:featuredmedia":[{"embeddable":true,"href":"https:\/\/www.cronacaonline.it\/index.php\/wp-json\/wp\/v2\/media\/161661"}],"wp:attachment":[{"href":"https:\/\/www.cronacaonline.it\/index.php\/wp-json\/wp\/v2\/media?parent=163301"}],"wp:term":[{"taxonomy":"category","embeddable":true,"href":"https:\/\/www.cronacaonline.it\/index.php\/wp-json\/wp\/v2\/categories?post=163301"},{"taxonomy":"post_tag","embeddable":true,"href":"https:\/\/www.cronacaonline.it\/index.php\/wp-json\/wp\/v2\/tags?post=163301"}],"curies":[{"name":"wp","href":"https:\/\/api.w.org\/{rel}","templated":true}]}}