{"id":163070,"date":"2018-08-06T08:39:35","date_gmt":"2018-08-06T06:39:35","guid":{"rendered":"http:\/\/www.cronacaonline.it\/public\/content\/?p=163070"},"modified":"2018-08-06T08:39:35","modified_gmt":"2018-08-06T06:39:35","slug":"aereo-precipitato-in-svizzera-tutti-morti-20-a-bordo","status":"publish","type":"post","link":"https:\/\/www.cronacaonline.it\/index.php\/2018\/08\/06\/aereo-precipitato-in-svizzera-tutti-morti-20-a-bordo\/","title":{"rendered":"Aereo precipitato in Svizzera: tutti morti 20 a bordo"},"content":{"rendered":"<p>Sono tutte morte le 20 persone che ieri si trovavano a bordo\u00a0dell'aereo d'epoca precipitato nel pomeriggio sulla Alpi\u00a0svizzere. \"La polizia ha la triste certezza che i 20 a bodo sono morti\", ha dichiarato la portavoce Anita Senti, in una conferenza stampa organizzata a Flims, villaggio ai piedi del Piz Segnas, una montagna alta 3.000 metri.\u00a0Undici uomini e 9 donne le vittime Le vittime dell'incidente\u00a0sono 11 uomini e 9 donne di et\u00e0 compresa fra 42 e 84\u00a0anni: 8 erano coppie e 17 provenivano dalla Svizzera tedesca e\u00a0francese mentre uno era austriaco. \u00c8 quanto\u00a0stato spiegato,\u00a0fra l'altro, in conferenza stampa dalla polizia cantonale dei\u00a0Grigioni reso noto dalla 'La Regione', uno dei principali\u00a0quotidiani del Canton Ticino.<\/p>\n<p>In base ai primi accertamenti, l'aereo \u00e8 precipitato\u00a0verticalmente a una velocit\u00e0 relativamente elevata: non\u00a0risultano collisioni in volo, per esempio con un drone, o\u00a0perdita di pezzi del velivolo. Nella zona dove si\u00a0\u00e8 verificato\u00a0lo schianto i radar hanno avuto difficolt\u00e0 a seguire gli ultimi\u00a0movimenti del velivolo.<\/p>\n<p>I siti di radio e giornali svizzeri ricostruiscono anche gli\u00a0spostamenti fatti dal gruppo negli ultimi giorni, prima dello\u00a0schianto.\u00a0In particolare, venerd\u00ec scorso dopo l'arrivo a Magadino,\u00a0piccola frazione del Canton Ticino, i turisti hanno fatto\u00a0un'escursione in una grotta a Meride (sempre nel Canton Ticino)\u00a0per poi spostarsi a Lugano dove hanno dormito. Ieri hanno\u00a0visitato il mercato di Porlezza (localit\u00e0 turistica della\u00a0provincia di Como) e hanno pranzato. Poi sono rientrati a\u00a0Magadino per riprendere il volo, diretti a D\u00fcbendorf.\u00a0All'areodromo di Magadino l'aereo non ha subito manutenzione n\u00e9 ha fatto rifornimento.<\/p>\n<p>In merito all'incidente dell'aereo\u00a0d'epoca svizzero che si\u00a0\u00e8 schiantato sulla Alpi ieri pomeriggio,\u00a0la Farnesina\u00a0\u00e8 in stretto raccordo con la sede diplomatica di\u00a0competenza. Il Consolato di Zurigo \u00e8 in contatto con le autorit\u00e0 in loco. Al momento sono in corso verifiche.<\/p>\n<p>Ad essere caduto \u00e8 il velivolo HB-HOT. Lo Ju 52 - spesso soprannominato \"Tante Ju\", la zia Ju - ha 17 posti a sedere ed \u00e8 pilotato da due persone. L'aereo viene spesso notato, nel suo procedere nel cielo, perch\u00e9 si sposta lentamente: ha una velocit\u00e0 di crociera di 180 km\/h. I tre velivoli di Ju-Air - un'associazione che propone voli panoramici con i celebri aeromobili - operano dall'aerodromo di D\u00fcbendorf.<\/p>\n<p>Lo Ju 52 \u00e8 un aereo da trasporto tedesco costruito\u00a0negli anni 30 del secolo scorso dalla Junkers, di uso sia civile che\u00a0militare, in alcuni casi anche come bombardiere. \u00c8 stato fra l'altro\u00a0protagonista del ponte aereo organizzato nell'inverno 1942\/1943 per\u00a0venire in soccorso alla Sesta armata nazista accerchiata a\u00a0Stalingrado. L'aeronautica militare elvetica acquist\u00f2 tre Ju 52 nel\u00a01939 e per oltre 40 anni li us\u00f2 come velivolo da trasporto: vennero\u00a0radiati solo nel 1981. Da allora i velivoli - che hanno le matricole\u00a0HB-HOS, HB-HOP e HB-HOT - vengono usati per voli panoramici.<\/p>\n","protected":false},"excerpt":{"rendered":"<p>Sono tutte morte le 20 persone che ieri si trovavano a bordo\u00a0dell&#8217;aereo d&#8217;epoca precipitato nel pomeriggio sulla Alpi\u00a0svizzere. &#8220;La polizia ha la triste certezza che&#8230;<\/p>\n","protected":false},"author":2,"featured_media":163071,"comment_status":"closed","ping_status":"closed","sticky":false,"template":"","format":"standard","meta":[],"categories":[49,51],"tags":[],"_links":{"self":[{"href":"https:\/\/www.cronacaonline.it\/index.php\/wp-json\/wp\/v2\/posts\/163070"}],"collection":[{"href":"https:\/\/www.cronacaonline.it\/index.php\/wp-json\/wp\/v2\/posts"}],"about":[{"href":"https:\/\/www.cronacaonline.it\/index.php\/wp-json\/wp\/v2\/types\/post"}],"author":[{"embeddable":true,"href":"https:\/\/www.cronacaonline.it\/index.php\/wp-json\/wp\/v2\/users\/2"}],"replies":[{"embeddable":true,"href":"https:\/\/www.cronacaonline.it\/index.php\/wp-json\/wp\/v2\/comments?post=163070"}],"version-history":[{"count":0,"href":"https:\/\/www.cronacaonline.it\/index.php\/wp-json\/wp\/v2\/posts\/163070\/revisions"}],"wp:featuredmedia":[{"embeddable":true,"href":"https:\/\/www.cronacaonline.it\/index.php\/wp-json\/wp\/v2\/media\/163071"}],"wp:attachment":[{"href":"https:\/\/www.cronacaonline.it\/index.php\/wp-json\/wp\/v2\/media?parent=163070"}],"wp:term":[{"taxonomy":"category","embeddable":true,"href":"https:\/\/www.cronacaonline.it\/index.php\/wp-json\/wp\/v2\/categories?post=163070"},{"taxonomy":"post_tag","embeddable":true,"href":"https:\/\/www.cronacaonline.it\/index.php\/wp-json\/wp\/v2\/tags?post=163070"}],"curies":[{"name":"wp","href":"https:\/\/api.w.org\/{rel}","templated":true}]}}