{"id":162939,"date":"2018-08-02T12:31:00","date_gmt":"2018-08-02T10:31:00","guid":{"rendered":"http:\/\/www.cronacaonline.it\/public\/content\/?p=162939"},"modified":"2018-08-02T12:31:00","modified_gmt":"2018-08-02T10:31:00","slug":"festival-del-mirto-2018-parte-da-ollolai-accordo-con-lunione-dei-comuni-della-barbagia-il-10-agosto-presentazione","status":"publish","type":"post","link":"https:\/\/www.cronacaonline.it\/index.php\/2018\/08\/02\/festival-del-mirto-2018-parte-da-ollolai-accordo-con-lunione-dei-comuni-della-barbagia-il-10-agosto-presentazione\/","title":{"rendered":"\u201cFestival del mirto\u201d 2018 parte da Ollolai, accordo con l\u2019Unione dei Comuni della Barbagia: il 10 agosto presentazione."},"content":{"rendered":"<p>Olbia, 2 Ago 2018 - Mirt\u00f2 abbraccia la Sardegna. Il quarto festival del mirto partir\u00e0 da Ollolai, con una presentazione in grande stile che coinvolger\u00e0 l\u2019Unione dei Comuni della Barbagia. Il cuore dell\u2019isola che batter\u00e0 il 10 agosto proprio ad Ollolai, nel padiglione \u201cCasa Sardegna\u201d all\u2019interno del Festival Mirt\u00f2. Si racconteranno le storie, la valorizzazione di tradizioni lunghissime che hanno il cibo come veicolo di cultura popolare. Pienamente nella vocazione di Mirt\u00f2, capace di passare da Porto Cervo, la vetrina del turismo di lusso e delle eccellenze, con lo straordinario successo di pubblico ottenuto lo scorso aprile, fino al cuore pulsante dell\u2019interno dell\u2019isola. Un primo appuntamento che anticipa di una settimana l\u2019anteprima del Festival che sar\u00e0 il 17 agosto a Porto Rotondo. Per arrivare ai giorni della kermesse vera e propria, che si svolger\u00e0 dal 18 al 20 agosto nel centro di Olbia. Un lavoro di promozione del territorio che diventa sempre pi\u00f9 incisivo, attraverso nuove iniziative e nel solco di un marchio che \u00e8 partito dalla Sardegna per diventare internazionale.<\/p>\n<p>L\u2019ultimo segno tangibile di un successo e una promozione dell\u2019isola nel mondo, confermato dal lavoro svolto durante le riprese della serie \u201cCatch-22\u201d, con regista e protagonista George Clooney, che ha visto tutta la troupe omaggiata con le eccellenze del territorio della Gallura: dal mirto, appunto, ai vini del Consorzio di tutela del vermentino di Gallura Docg. \u201cCome citt\u00e0 di Olbia ringraziamo Mirt\u00f2 per averci scelto nuovamente in qualit\u00e0 di sede della quarta edizione del festival, con questa importante novit\u00e0 della giornata del 17 agosto come anteprima a Porto Rotondo \u2013 sottolinea Marco Balata, assessore al Turismo del Comune di Olbia -. C\u2019\u00e8 poi l\u2019importante collaborazione con l\u2019Unione dei Comuni della Barbagia, un progetto di valorizzazione delle eccellenze enogastronomiche del centro Sardegna accolto con entusiasmo dal presidente, Efisio Arbau. L\u2019evento, infatti, guarda a tutta la Sardegna, oltre ad essere una delle date di punta dell\u2019estate olbiese\u201d. Una linea di continuit\u00e0 con quello che dalla nascita \u00e8 il dna di Mirt\u00f2: la promozione della Sardegna, attraverso il mirto e le altre eccellenze enogastronomiche, in mezzo alla gente, raccontando storie e tradizioni. \u201cSiamo grati agli organizzatori del Festival Mirt\u00f2 ed al Comune di Olbia per averci coinvolto in questa iniziativa\u201d conferma lo stesso Arbau. Un ritorno alle origini per un festival che \u00e8 capace di accompagnare anche la sua vocazione internazionale, come un Exp\u00f2 itinerante che dalla Sardegna e da Olbia guarda anche all\u2019Italia e al mondo. Com<\/p>\n","protected":false},"excerpt":{"rendered":"<p>Olbia, 2 Ago 2018 &#8211; Mirt\u00f2 abbraccia la Sardegna. Il quarto festival del mirto partir\u00e0 da Ollolai, con una presentazione in grande stile che coinvolger\u00e0&#8230;<\/p>\n","protected":false},"author":2,"featured_media":162941,"comment_status":"closed","ping_status":"closed","sticky":false,"template":"","format":"standard","meta":[],"categories":[49,51,54],"tags":[],"_links":{"self":[{"href":"https:\/\/www.cronacaonline.it\/index.php\/wp-json\/wp\/v2\/posts\/162939"}],"collection":[{"href":"https:\/\/www.cronacaonline.it\/index.php\/wp-json\/wp\/v2\/posts"}],"about":[{"href":"https:\/\/www.cronacaonline.it\/index.php\/wp-json\/wp\/v2\/types\/post"}],"author":[{"embeddable":true,"href":"https:\/\/www.cronacaonline.it\/index.php\/wp-json\/wp\/v2\/users\/2"}],"replies":[{"embeddable":true,"href":"https:\/\/www.cronacaonline.it\/index.php\/wp-json\/wp\/v2\/comments?post=162939"}],"version-history":[{"count":0,"href":"https:\/\/www.cronacaonline.it\/index.php\/wp-json\/wp\/v2\/posts\/162939\/revisions"}],"wp:featuredmedia":[{"embeddable":true,"href":"https:\/\/www.cronacaonline.it\/index.php\/wp-json\/wp\/v2\/media\/162941"}],"wp:attachment":[{"href":"https:\/\/www.cronacaonline.it\/index.php\/wp-json\/wp\/v2\/media?parent=162939"}],"wp:term":[{"taxonomy":"category","embeddable":true,"href":"https:\/\/www.cronacaonline.it\/index.php\/wp-json\/wp\/v2\/categories?post=162939"},{"taxonomy":"post_tag","embeddable":true,"href":"https:\/\/www.cronacaonline.it\/index.php\/wp-json\/wp\/v2\/tags?post=162939"}],"curies":[{"name":"wp","href":"https:\/\/api.w.org\/{rel}","templated":true}]}}