{"id":162641,"date":"2018-07-26T14:06:39","date_gmt":"2018-07-26T12:06:39","guid":{"rendered":"http:\/\/www.cronacaonline.it\/public\/content\/?p=162641"},"modified":"2018-07-26T14:06:39","modified_gmt":"2018-07-26T12:06:39","slug":"presentato-stamane-presso-lassessorato-al-turismo-autunno-in-barbagia-amore-e-coro","status":"publish","type":"post","link":"https:\/\/www.cronacaonline.it\/index.php\/2018\/07\/26\/presentato-stamane-presso-lassessorato-al-turismo-autunno-in-barbagia-amore-e-coro\/","title":{"rendered":"Presentato stamane presso l\u2019assessorato al Turismo Autunno in Barbagia \u201cAmore \u2018e Coro\u201d"},"content":{"rendered":"<p>Cagliari, 26 Lug 2018_- Si rinnova anche quest\u2019anno l\u2019immancabile appuntamento con la manifestazione Autunno in Barbagia,\u00a0mostra itinerante della tradizione barbaricina,\u00a0divenuta\u00a0il simbolo della stagione autunnale in Sardegna.<\/p>\n<p>Il circuito comprende\u00a032 paesi della provincia di Nuoro\u00a0che, nel corso dei sedici weekend compresi tra il 1\u00b0 settembre e il 16 dicembre, organizzeranno una serie di eventi dedicati ad arte, storia, folklore, artigianato ed enogastronomia, in vetrina nelle tipiche \u201ccortes\u201d delle antiche dimore isolane.<\/p>\n<p>Alla conferenza stampa di presentazione, che si \u00e8 svolta\u00a0oggi\u00a0presso gli uffici dell\u2019Assessorato del Turismo, Artigianato e Commercio, hanno presenziato l\u2019Assessora Barbara Argiolas, il Presidente della Camera di Commercio di Nuoro, Agostino Cical\u00f2, ed il Presidente dell\u2019Azienda Speciale Aspen, Roberto Cadeddu. Presenti anche i partner ufficiali che hanno confermato il proprio supporto alla manifestazione: Banco di Sardegna, Tiscali, Gruppo Moby-Tirrenia, Grimaldi Lines e Sardinia-Corsica Ferries.<\/p>\n<p>\u201cAnche quest\u2019anno la Camera di Commercio di Nuoro ha deciso di puntare fortemente su Autunno in Barbagia e sulla sua promozione, con un importante investimento economico, capace di generare ricavi per una cifra compresa tra gli 8 e i 10 milioni di euro per il territorio e per le imprese. A dimostrazione di un brand divenuto ormai solido, verranno confermati tutti i 32 appuntamenti della scorsa edizione. Il nostro obiettivo \u00e8 quello di creare un prodotto turistico che offra ai visitatori la possibilit\u00e0 di conoscere le tradizioni e la vera identit\u00e0 del cuore della Sardegna. Nel corso dei suoi 23 anni di vita Autunno in Barbagia ha saputo espandersi oltre i confini regionali, come testimoniato anche dalla visibilit\u00e0 nelle pi\u00f9 importanti riviste internazionali, come ad esempio il New York Times che ha dedicato un\u2019importante vetrina giornalistica ai nostri eventi\u201d ha dichiarato il\u00a0Presidente della Cciaa di Nuoro, Agostino Cical\u00f2.<\/p>\n<p>Roberto Sau, Azienda Speciale Aspen, ha illustrato le caratteristiche e le modalit\u00e0 di promozione della manifestazione: \u201cIl\u00a0claim\u00a0scelto per questa edizione richiama la nota opera del poeta sarulese Salvatore Sini \u201cA Diosa\u201d, scritta nel 1915 e musicata dal compositore cagliaritano Giuseppe Rachel, riconosciuta come poesia d\u2019amore per antonomasia della Sardegna. Per quanto concerne la promozione, come nelle passate edizioni, abbiamo rinnovato le partnership con i vettori aerei e navali che ospiteranno delle pagine promozionali nelle proprie riviste di bordo e continueremo ad effettuare una promozione completa ed esaustiva nel web, attraverso il nostro sito di riferimento (<a href=\"http:\/\/www.cuoredellasardegna.it\/\">www.cuoredellasardegna.it<\/a>) e i canali social. Saremo inoltre presenti con le tradizionali affissioni e con la distribuzione del materiale cartaceo (brochure, locandine e cartoline) in tutta la Regione, e negli aeroporti, sia attraverso i manifesti, che nei video monitor delle aree di transito dei visitatori. Il costo totale del nostro investimento sulla comunicazione e sulla promozione dell\u2019evento \u00e8 di circa 480 mila euro\u201d.<\/p>\n<p>Antonio Garrucciu, Responsabile delle Relazioni Esterne del\u00a0Banco di Sardegna: \u201cTra la nostra Banca e la Camera di commercio di Nuoro \u00e8 in corso una partnership lunga e soddisfacente che anche quest\u2019anno verr\u00e0 riconfermata con l\u2019inserimento di alcune importanti novit\u00e0: oltre alla carte di credito, che verranno prodotte per la manifestazione, da quest\u2019anno abbiamo deciso di introdurre un ulteriore strumento, rappresentato dai braccialetti da polso contactless che potranno essere utilizzati per i pagamenti elettronici. Confermiamo inoltre la nostra presenza in almeno 14 tappe del circuito e 2-3 convegni che organizzeremo in concomitanza degli eventi in programma nel corso della manifestazione\u201d.<\/p>\n<p>\"Autunno in Barbagia - dice\u00a0l'assessora del Turismo, Artigianato e Commercio Barbara Argiolas\u00a0- \u00e8 diventato con gli anni un prodotto turistico di qualit\u00e0, che valorizza al massimo le peculiarit\u00e0 dei territori coinvolti e il nostro agroalimentare. Nelle tappe di settembre e ottobre riesce a interessare e coinvolgere i turisti italiani e stranieri e stabilire un legame tra coste e zone e interne che diventa anche occasione di sviluppo economico. Ma soprattutto Autunno in Barbagia \u00e8 ormai un progetto culturale originale che mette insieme enti locali, imprese, cittadini e viaggiatori e riesce a creare un senso di comunit\u00e0 tra chi vive nei paesi coinvolti e chi invece li visita. L\u2019elemento pi\u00f9 straordinario e una delle chiavi del suo successo \u00e8 la capacit\u00e0 di far emergere le identit\u00e0 autentiche dei territori, rendendo ogni tappa diversa dalle altre\".<\/p>\n<p>\u201cRiteniamo che Autunno in Barbagia \u2013 conclude il\u00a0Presidente Cical\u00f2\u00a0\u2013 sia, in Europa, la maggiore manifestazione per durata e per il numero di soggetti coinvolti. Abbiamo intrapreso un cammino di espansione verso l\u2019estero che si concretizza, oltre che nei vari strumenti elencati pocanzi, anche nell\u2019organizzazione di press tour per i giornalisti stranieri, che possono cos\u00ec conoscere e raccontare quanto visto con i propri occhi nel nostro bellissimo territorio. I miei ringraziamenti vanno a tutti i partner, compreso il gruppo Corsica-Sardinia Ferries, che non \u00e8 potuto essere presente quest\u2019oggi\u00a0ma che ci garantisce un grandissimo supporto\u201d.<\/p>\n","protected":false},"excerpt":{"rendered":"<p>Cagliari, 26 Lug 2018_- Si rinnova anche quest\u2019anno l\u2019immancabile appuntamento con la manifestazione Autunno in Barbagia,\u00a0mostra itinerante della tradizione barbaricina,\u00a0divenuta\u00a0il simbolo della stagione autunnale in&#8230;<\/p>\n","protected":false},"author":2,"featured_media":0,"comment_status":"closed","ping_status":"closed","sticky":false,"template":"","format":"standard","meta":[],"categories":[49,51,54],"tags":[],"_links":{"self":[{"href":"https:\/\/www.cronacaonline.it\/index.php\/wp-json\/wp\/v2\/posts\/162641"}],"collection":[{"href":"https:\/\/www.cronacaonline.it\/index.php\/wp-json\/wp\/v2\/posts"}],"about":[{"href":"https:\/\/www.cronacaonline.it\/index.php\/wp-json\/wp\/v2\/types\/post"}],"author":[{"embeddable":true,"href":"https:\/\/www.cronacaonline.it\/index.php\/wp-json\/wp\/v2\/users\/2"}],"replies":[{"embeddable":true,"href":"https:\/\/www.cronacaonline.it\/index.php\/wp-json\/wp\/v2\/comments?post=162641"}],"version-history":[{"count":0,"href":"https:\/\/www.cronacaonline.it\/index.php\/wp-json\/wp\/v2\/posts\/162641\/revisions"}],"wp:attachment":[{"href":"https:\/\/www.cronacaonline.it\/index.php\/wp-json\/wp\/v2\/media?parent=162641"}],"wp:term":[{"taxonomy":"category","embeddable":true,"href":"https:\/\/www.cronacaonline.it\/index.php\/wp-json\/wp\/v2\/categories?post=162641"},{"taxonomy":"post_tag","embeddable":true,"href":"https:\/\/www.cronacaonline.it\/index.php\/wp-json\/wp\/v2\/tags?post=162641"}],"curies":[{"name":"wp","href":"https:\/\/api.w.org\/{rel}","templated":true}]}}