{"id":162587,"date":"2018-07-25T15:15:08","date_gmt":"2018-07-25T13:15:08","guid":{"rendered":"http:\/\/www.cronacaonline.it\/public\/content\/?p=162587"},"modified":"2018-07-25T15:15:08","modified_gmt":"2018-07-25T13:15:08","slug":"la-valigia-dellattore-2018-valerio-mastandrea-ricorda-giulio-regeni-stasera-la-consegna-del-premio-gian-maria-volonte-a-isabella-ragonese","status":"publish","type":"post","link":"https:\/\/www.cronacaonline.it\/index.php\/2018\/07\/25\/la-valigia-dellattore-2018-valerio-mastandrea-ricorda-giulio-regeni-stasera-la-consegna-del-premio-gian-maria-volonte-a-isabella-ragonese\/","title":{"rendered":"La Valigia dell\u2019Attore 2018: Valerio Mastandrea ricorda Giulio Regeni. Stasera la consegna del Premio Gian Maria Volont\u00e9 a Isabella Ragonese"},"content":{"rendered":"<p>La Maddalena (SS), 25 Lug 2018 - Si \u00e8 aperta ieri a La Maddalena l\u2019edizione 2018 de\u00a0La Valigia dell\u2019Attore,\u00a0festival che si concluder\u00e0 domenica 29 luglio e che vedr\u00e0 passare sull\u2019isola sarda grandi interpreti del cinema italiano, da Marco Giallini a Isabella Ragonese, passando per Giuseppe Battiston e\u00a0Valerio Mastandrea. Ed \u00e8 stato proprio il protagonista di\u00a0The Place, primo film presentato ieri sera al pubblico, ad aprire la quindicesima edizione della manifestazione dedicata al lavoro d'attore e intitolata a\u00a0Gian Maria Volont\u00e9. Lo ha fatto con parole importanti, quelle scritte dai genitori di\u00a0Giulio Regeni, il ricercatore italiano barbaramente ucciso in Egitto tra il 25 gennaio e il 3 febbraio del 2016. Un delitto che ancora cerca giustizia e verit\u00e0 e che grazie al grande lavoro che da oltre due anni sta facendo il comitato\u00a0#Verit\u00e0perGiulioRegeninon viene dimenticato. La serata di apertura de La Valigia dell\u2019Attore 2018 \u00e8 stata dedicata a lui, destinando la quasi totalit\u00e0 dell\u2019incasso all\u2019associazione che continuer\u00e0 a far sentire la sua voce fino a quando non si arriver\u00e0 alla verit\u00e0. E la loro voce l\u2019hanno fatta sentire anche i genitori di Giulio, con un messaggio di ringraziamento che \u00e8 stato letto proprio da Valerio Mastandrea, che come altri artisti italiani si \u00e8 sempre schierato in prima fila perch\u00e9 il caso Regeni non diventi uno dei troppi misteri italiani irrisolti.<\/p>\n<p>\u201cLa vostra valigia \u00e8 colma di emozioni, sentimenti e di un\u2019immensa empatia per Giulio, per la tragedia che ci impegna ogni giorno per la ricerca di verit\u00e0 e giustizia per i diritti violati. Empatia che non volge lo sguardo altrove, e comprendiamo che forse, senza empatia, non pu\u00f2 essere vera arte. Con gratitudine e affetto, Paola e Claudio\u201d. Questa la parte finale del messaggio da parte dei genitori di Giulio \u201cche sono delle persone, come tutti noi\u201d come ha sottolineato Mastandrea e non poteva esserci maniera migliore per aprire una manifestazione che ricorda un artista, Gian Maria Volont\u00e9, per cui l\u2019impegno civile fu parte integrante del suo straordinario lavoro d\u2019attore.<\/p>\n<p><img loading=\"lazy\" class=\"alignnone size-medium wp-image-162589 alignleft\" src=\"http:\/\/www.cronacaonline.it\/public\/content\/wp-content\/uploads\/2018\/07\/Giallini-e-Mastandrea-La-maddalena-24-lug-ph-Nanni-Angeli-300x200.jpg\" alt=\"Giallini e Mastandrea La maddalena 24 lug ph Nanni Angeli\" width=\"300\" height=\"200\" \/> <img loading=\"lazy\" class=\"alignnone size-medium wp-image-162590 alignleft\" src=\"http:\/\/www.cronacaonline.it\/public\/content\/wp-content\/uploads\/2018\/07\/La-Maddalena-fortezza-i-Colmi-La-Valigia-dellattore-ph-Nanni-Angeli-300x200.jpg\" alt=\"La Maddalena fortezza i Colmi La Valigia dell'attore (ph Nanni Angeli)\" width=\"300\" height=\"200\" \/>Stasera seconda serata,\u00a0che si terr\u00e0 nella tradizionale cornice della Fortezza i Colmi. Si apre alle 21:30 con la performance della compagnia\u00a0Danz\u2019Arte\u00a0di La Maddalena su coreografia di\u00a0Rosanna Cossu, accompagnata dall'anteprima mondiale del corto di animazione di\u00a0Francesco Calcagnini\u00a0che ha per colonna sonora la splendida canzone di\u00a0Francesco De Gregori\u00a0La valigia dell\u2019attore. A seguire la consegna del\u00a0Premio Gian Maria Volont\u00e8 2018a\u00a0Isabella Ragoneseper la sua eccellenza artistica. L'attrice sar\u00e0 accompagnata sul palco da\u00a0Daniele Vicari, regista di\u00a0Sole Cuore Amore, film che sar\u00e0 proiettato subito dopo la cerimonia di premiazione.<\/p>\n<p>Dopo le esperienze teatrali in Sicilia, interpretando, dirigendo e scrivendo spettacoli di successo,\u00a0Isabella Ragonese\u00a0esordisce al cinema in\u00a0Nuovomondo\u00a0di Emanuele Crialese, in concorso alla Mostra internazionale d'arte cinematografica di Venezia del 2006. La consacrazione arriva due anni dopo con\u00a0Paolo Virz\u00ec, che la sceglie per il ruolo della giovane precaria di\u00a0Tutta la vita davanti, che le frutta la prima candidatura ai Nastri d'Argento, premio che vincer\u00e0 nel 2010 per la sua interpretazione in\u00a0La nostra vita\u00a0di Daniele Luchetti, per cui riceve anche la prima candidatura ai David di Donatello. Proprio con il fim di Daniele Vicari arriva la terza nomination ai Nastri, nel frattempo miete successi anche in televisione, nel ruolo della moglie fantasma di\u00a0Rocco Schiavone\u00a0nella serie interpretata da Marco Giallini, e in teatro, con\u00a0La Commedia di Orlando, diretta da Emanuela Giordano.<\/p>\n<p>La Valigia dell\u2019Attore \u00e8 parte del circuito di festival\u00a0Le isole del cinemache coinvolge quattro isole minori della Sardegna. Organizzata dall\u2019Associazione Culturale Quasar e diretta da Giovanna Gravina Volont\u00e9 e da Fabio Canu, \u00e8 patrocinato dal Ministero dei Beni e delle Attivit\u00e0 Culturali e del Turismo, dalla Regione Autonoma della Sardegna, con l\u2019Assessorato della pubblica istruzione, beni culturali, informazione, spettacolo e sport e l\u2019Assessorato del Turismo, dal Comune di La Maddalena, dal Parco Nazionale dell\u2019Arcipelago di La Maddalena. A sostenere l\u2019evento, la Fondazione di Sardegna, la SIAE, il NUOVOIMAIE, la Scuola d\u2019Arte cinematografica Gian Maria Volont\u00e9, il Cagliari Film Festival, la Scuola Sottufficiali della Marina Militare - La Maddalena, la Compagnia di navigazione Delcomar e le cantine di Su\u2019entu, Oliena e Monti.\u00a0Com<\/p>\n","protected":false},"excerpt":{"rendered":"<p>La Maddalena (SS), 25 Lug 2018 &#8211; Si \u00e8 aperta ieri a La Maddalena l\u2019edizione 2018 de\u00a0La Valigia dell\u2019Attore,\u00a0festival che si concluder\u00e0 domenica 29 luglio&#8230;<\/p>\n","protected":false},"author":2,"featured_media":162588,"comment_status":"closed","ping_status":"closed","sticky":false,"template":"","format":"standard","meta":[],"categories":[49,51,54],"tags":[],"_links":{"self":[{"href":"https:\/\/www.cronacaonline.it\/index.php\/wp-json\/wp\/v2\/posts\/162587"}],"collection":[{"href":"https:\/\/www.cronacaonline.it\/index.php\/wp-json\/wp\/v2\/posts"}],"about":[{"href":"https:\/\/www.cronacaonline.it\/index.php\/wp-json\/wp\/v2\/types\/post"}],"author":[{"embeddable":true,"href":"https:\/\/www.cronacaonline.it\/index.php\/wp-json\/wp\/v2\/users\/2"}],"replies":[{"embeddable":true,"href":"https:\/\/www.cronacaonline.it\/index.php\/wp-json\/wp\/v2\/comments?post=162587"}],"version-history":[{"count":0,"href":"https:\/\/www.cronacaonline.it\/index.php\/wp-json\/wp\/v2\/posts\/162587\/revisions"}],"wp:featuredmedia":[{"embeddable":true,"href":"https:\/\/www.cronacaonline.it\/index.php\/wp-json\/wp\/v2\/media\/162588"}],"wp:attachment":[{"href":"https:\/\/www.cronacaonline.it\/index.php\/wp-json\/wp\/v2\/media?parent=162587"}],"wp:term":[{"taxonomy":"category","embeddable":true,"href":"https:\/\/www.cronacaonline.it\/index.php\/wp-json\/wp\/v2\/categories?post=162587"},{"taxonomy":"post_tag","embeddable":true,"href":"https:\/\/www.cronacaonline.it\/index.php\/wp-json\/wp\/v2\/tags?post=162587"}],"curies":[{"name":"wp","href":"https:\/\/api.w.org\/{rel}","templated":true}]}}