{"id":162569,"date":"2018-07-25T11:50:56","date_gmt":"2018-07-25T09:50:56","guid":{"rendered":"http:\/\/www.cronacaonline.it\/public\/content\/?p=162569"},"modified":"2018-07-25T11:50:56","modified_gmt":"2018-07-25T09:50:56","slug":"morto-sergio-marchionne-la-sua-eredita-guardare-sempre-a-nuovi-traguardi","status":"publish","type":"post","link":"https:\/\/www.cronacaonline.it\/index.php\/2018\/07\/25\/morto-sergio-marchionne-la-sua-eredita-guardare-sempre-a-nuovi-traguardi\/","title":{"rendered":"Morto Sergio Marchionne. La sua eredit\u00e0: &#8220;Guardare sempre a nuovi traguardi&#8221;"},"content":{"rendered":"<p>Da settimane Sergio Marchionne era ricoverato a Zurigo, in Svizzera, e le sue condizioni si sono aggravate\u00a0negli ultimi giorni, tanto che Fca ha dovuto convocare d'urgenza i Cda del gruppo sabato scorso e nominare un nuovo ad, Mike Manley al posto dell'uomo e del\u00a0manager che ha in pochi anni ha cambiato le sorti del gruppo, salvandolo dal fallimento.<\/p>\n<p>\"Il miglioramento continuo \u00e8 una parte fondamentale della nostra cultura\". \u00c8 uno dei passaggi dell'intervento fatto da Sergio Marchionne, il 1 giugno scorso, a Balocco, nell'ambito del Fca Capital Market day, per presentare il nuovo piano del gruppo. Un piano presentato utilizzando anche una frase di Hemingway \"Non c'\u00e8 nulla di nobile nell'essere superiore a qualcun altro, la vera nobilt\u00e0 \u00e8 essere superiore a chi eravamo ieri\".<\/p>\n<p>\"Le parole di Hemingway - aveva spiegato - rispecchiano perfettamente il nostro modo di essere diversi. Il miglioramento continuo \u00e8\u00a0parte fondamentale della nostra cultura. Non vivremo mai lo stesso giorno due volte, perch\u00e9 sappiamo che \u00e8\u00a0sempre possibile migliorare qualcosa\". E\u00a0ancora: \"non ci adageremo mai sugli allori dei risultati raggiunti perch\u00e9\u00a0l'unico approccio che conosciamo \u00e8\u00a0quello di guardare sempre avanti, per raggiungere traguardi nuovi e pi\u00f9\u00a0alti. Il nostro obiettivo ultimo, il vero traguardo, \u00e8\u00a0quello che dobbiamo ancora raggiungere\". Un modo di essere, questo, aveva spiegato ancora, \"profondamente radicato nella nostra organizzazione ed \u00e8\u00a0ci\u00f2\u00a0che la rende capace di affrontare i cambiamenti del mercato. \u00c8 quello che fa di Fca un gruppo speciale e credo sia anche l'elemento che ci garantisce la capacit\u00e0\u00a0di raggiungere i nostri obiettivi, ogni volta\". \"Questa - aveva affermato Sergio Marchionne a Balocco - \u00e8\u00a0l'eredit\u00e0\u00a0che possiamo essere orgogliosi di lasciare a chi verr\u00e0\u00a0dopo di noi\".<\/p>\n<p>Nei 14 anni in cui Sergio Marchionne \u00e8 stato al vertice del Gruppo Fiat prima e poi di Fca, la capitalizzazione \u00e8 passata dai 5,5 miliardi di euro del 2004, agli attuali, tenendo conto di tutte le societ\u00e0 nate dagli spin off (Fca, Cnh Industrial e Ferrari), a circa 60 miliardi euro.<\/p>\n<p>Pi\u00f9 che triplicati i ricavi sotto la sua guida, passati da 47 miliardi di euro del 2004 (Gruppo Fca) ai 141 miliardi di euro del 2017 (Fca, Cnh Industrial e Ferrari). In 14 anni il risultato netto \u00e8\u00a0passato, infine, da -1,5<\/p>\n","protected":false},"excerpt":{"rendered":"<p>Da settimane Sergio Marchionne era ricoverato a Zurigo, in Svizzera, e le sue condizioni si sono aggravate\u00a0negli ultimi giorni, tanto che Fca ha dovuto convocare&#8230;<\/p>\n","protected":false},"author":2,"featured_media":162570,"comment_status":"closed","ping_status":"closed","sticky":false,"template":"","format":"standard","meta":[],"categories":[49,51],"tags":[],"_links":{"self":[{"href":"https:\/\/www.cronacaonline.it\/index.php\/wp-json\/wp\/v2\/posts\/162569"}],"collection":[{"href":"https:\/\/www.cronacaonline.it\/index.php\/wp-json\/wp\/v2\/posts"}],"about":[{"href":"https:\/\/www.cronacaonline.it\/index.php\/wp-json\/wp\/v2\/types\/post"}],"author":[{"embeddable":true,"href":"https:\/\/www.cronacaonline.it\/index.php\/wp-json\/wp\/v2\/users\/2"}],"replies":[{"embeddable":true,"href":"https:\/\/www.cronacaonline.it\/index.php\/wp-json\/wp\/v2\/comments?post=162569"}],"version-history":[{"count":0,"href":"https:\/\/www.cronacaonline.it\/index.php\/wp-json\/wp\/v2\/posts\/162569\/revisions"}],"wp:featuredmedia":[{"embeddable":true,"href":"https:\/\/www.cronacaonline.it\/index.php\/wp-json\/wp\/v2\/media\/162570"}],"wp:attachment":[{"href":"https:\/\/www.cronacaonline.it\/index.php\/wp-json\/wp\/v2\/media?parent=162569"}],"wp:term":[{"taxonomy":"category","embeddable":true,"href":"https:\/\/www.cronacaonline.it\/index.php\/wp-json\/wp\/v2\/categories?post=162569"},{"taxonomy":"post_tag","embeddable":true,"href":"https:\/\/www.cronacaonline.it\/index.php\/wp-json\/wp\/v2\/tags?post=162569"}],"curies":[{"name":"wp","href":"https:\/\/api.w.org\/{rel}","templated":true}]}}