{"id":162513,"date":"2018-07-24T13:46:01","date_gmt":"2018-07-24T11:46:01","guid":{"rendered":"http:\/\/www.cronacaonline.it\/public\/content\/?p=162513"},"modified":"2018-07-24T13:46:01","modified_gmt":"2018-07-24T11:46:01","slug":"lorchestra-del-teatro-lirico-diretta-da-cristiano-del-monte-in-tournee-a-cagliari-pula-dolianova-barumini-e-tortoli","status":"publish","type":"post","link":"https:\/\/www.cronacaonline.it\/index.php\/2018\/07\/24\/lorchestra-del-teatro-lirico-diretta-da-cristiano-del-monte-in-tournee-a-cagliari-pula-dolianova-barumini-e-tortoli\/","title":{"rendered":"L\u2019Orchestra del Teatro Lirico, diretta da Cristiano Del Monte, in tourn\u00e9e a Cagliari, Pula, Dolianova, Barumini e Tortol\u00ec"},"content":{"rendered":"<p>Cagliari, 24 Lug 2018 - Gioved\u00ec 26, venerd\u00ec 27 e sabato 28 luglio alle 21, nell\u2019Arena Giusy Devinu del Parco della Musica di Cagliari (area adiacente foyer di platea del Teatro Lirico), si tiene il quinto ed ultimo appuntamento dell\u2019Attivit\u00e0 musicale estiva 2018 del Teatro Lirico di Cagliari che propone una serata interamente dedicata a Ludwig van Beethoven (Bonn, 1770 - Vienna, 1827), nell\u2019interpretazione dell\u2019Orchestra del Teatro Lirico, diretta da Cristiano Del Monte, direttore musicale di palcoscenico della Fondazione cagliaritana.<\/p>\n<p>Il programma della serata offre all\u2019ascolto del pubblico due celebri sinfonie del geniale compositore tedesco: la Sesta Sinfonia in Fa maggiore op. 86 \u201cPastorale\u201d e la Settima Sinfonia in La maggiore op. 92.<\/p>\n<p>Il concerto viene replicato: luned\u00ec 30 luglio alle 21 al Teatro Maria Carta di Pula; marted\u00ec 31 luglio alle 21 nel Sagrato della Cattedrale di San Pantaleo di Dolianova; mercoled\u00ec 1 agosto alle 21 nell\u2019Area Archeologica di \u201cSu Nuraxi\u201d di Barumini; venerd\u00ec 3 agosto alle 21.30 alla Caritas Diocesana di Tortol\u00ec.<\/p>\n<p>Prezzi biglietti: posto unico \u20ac 10 (Cagliari)\/\u20ac 5 (altre localit\u00e0).<\/p>\n<p>Per tutti gli abbonati alle Stagioni lirica e di balletto e concertistica 2018, il Teatro Lirico di Cagliari riserva un biglietto speciale di \u20ac 5, sia per Cagliari che per le altre localit\u00e0.<\/p>\n<p>La Biglietteria del Teatro Lirico \u00e8 aperta dal luned\u00ec al venerd\u00ec dalle 9 alle 13 e dalle 16 alle 20, il sabato dalle 9 alle 13 e nell\u2019ora precedente l\u2019inizio dello spettacolo. I giorni festivi solo nell\u2019ora precedente l\u2019inizio dello spettacolo.<\/p>\n","protected":false},"excerpt":{"rendered":"<p>Cagliari, 24 Lug 2018 &#8211; Gioved\u00ec 26, venerd\u00ec 27 e sabato 28 luglio alle 21, nell\u2019Arena Giusy Devinu del Parco della Musica di Cagliari (area&#8230;<\/p>\n","protected":false},"author":2,"featured_media":162514,"comment_status":"closed","ping_status":"closed","sticky":false,"template":"","format":"standard","meta":[],"categories":[49,51,54],"tags":[],"_links":{"self":[{"href":"https:\/\/www.cronacaonline.it\/index.php\/wp-json\/wp\/v2\/posts\/162513"}],"collection":[{"href":"https:\/\/www.cronacaonline.it\/index.php\/wp-json\/wp\/v2\/posts"}],"about":[{"href":"https:\/\/www.cronacaonline.it\/index.php\/wp-json\/wp\/v2\/types\/post"}],"author":[{"embeddable":true,"href":"https:\/\/www.cronacaonline.it\/index.php\/wp-json\/wp\/v2\/users\/2"}],"replies":[{"embeddable":true,"href":"https:\/\/www.cronacaonline.it\/index.php\/wp-json\/wp\/v2\/comments?post=162513"}],"version-history":[{"count":0,"href":"https:\/\/www.cronacaonline.it\/index.php\/wp-json\/wp\/v2\/posts\/162513\/revisions"}],"wp:featuredmedia":[{"embeddable":true,"href":"https:\/\/www.cronacaonline.it\/index.php\/wp-json\/wp\/v2\/media\/162514"}],"wp:attachment":[{"href":"https:\/\/www.cronacaonline.it\/index.php\/wp-json\/wp\/v2\/media?parent=162513"}],"wp:term":[{"taxonomy":"category","embeddable":true,"href":"https:\/\/www.cronacaonline.it\/index.php\/wp-json\/wp\/v2\/categories?post=162513"},{"taxonomy":"post_tag","embeddable":true,"href":"https:\/\/www.cronacaonline.it\/index.php\/wp-json\/wp\/v2\/tags?post=162513"}],"curies":[{"name":"wp","href":"https:\/\/api.w.org\/{rel}","templated":true}]}}