{"id":162452,"date":"2018-07-23T08:56:39","date_gmt":"2018-07-23T06:56:39","guid":{"rendered":"http:\/\/www.cronacaonline.it\/public\/content\/?p=162452"},"modified":"2018-07-23T08:56:39","modified_gmt":"2018-07-23T06:56:39","slug":"gran-parata-del-33-ittiri-folk-festa-con-sei-gruppi-stranieri-e-sette-sardi-sabato-notte-tripudio-per-la-banda-musicale-della-brigata-sassari","status":"publish","type":"post","link":"https:\/\/www.cronacaonline.it\/index.php\/2018\/07\/23\/gran-parata-del-33-ittiri-folk-festa-con-sei-gruppi-stranieri-e-sette-sardi-sabato-notte-tripudio-per-la-banda-musicale-della-brigata-sassari\/","title":{"rendered":"Gran Parata del 33\u00b0 Ittiri Folk Festa con sei gruppi stranieri e sette sardi: Sabato notte tripudio per la Banda Musicale della Brigata Sassari"},"content":{"rendered":"<p>Ittiri (SS), 23 Lug 2018 - Migliaia di spettatori a Ittiri nelle due giornate centrali del festival internazionale del folklore organizzato dall'associazione Ittiri Cannedu. Come sempre il momento pi\u00f9 festoso \u00e8 stato quello della Gran Parata lungo le vie del centro, perch\u00e9 sia i gruppi stranieri, sia i gruppi sardi si sono fermati ogni tanto per proporre balli e musica tradizionali, scatenando l'ammirazione e l'entusiasmo del pubblico.<\/p>\n<p>Il corteo \u00e8 stato aperto come consuetudine dai Tamburini e Trombettieri \u201cSa Sartiglia\u201d di\u00a0Oristano. A seguire il primo gruppo isolano, l'associazione \u201cSalvatore Manca\u201d di\u00a0Ploaghe, e subito appresso il primo gruppo straniero: il Tanok Folk Ensemble di Izhevsk, in Udmurtia, regione della\u00a0Russia,\u00a0che ha proposto accesi cromatismi nei costumi e atletismo nella danza. Atmosfere cupe invece per \u201cSos merdules bezzos\u201d il gruppo di Ottana con le maschere del carnevale: boes, merdules e sa filonzana. Antichissima la cultura Inca rappresentata dall'Asociaci\u00f2n Cultural \u201cPer\u00f9 Sentimiento y Tradici\u00f2n\u201d di Lima (Per\u00f9) dove i danzatori portavano il caratteristico copricapo con teschio e piume di uccello. Il\u00a0Gruppo folk \u201cMaschera a Gattu\u201d di\u00a0Sarule\u00a0ha invece dato un saggio del ballo sardo con l'accompagnamento dell'organetto. Nutrito il gruppo della\u00a0Serbia: il\u00a0Tradicional dance group \u201cDukati\u201d di Kragujevac ha portato 24 ballerini e 4 musicisti. Intermezzo satirico coi canti dell'Appennino toscano\u00a0offerti dal gruppo I Badalischi e poi l'esplosione di allegria e colori della\u00a0Colombia\u00a0con la Compania Am\u00e8rica Danza di Bogot\u00e0 che danzando ha anche lanciato un messaggio che invita ad accettare le differenze: \u201cIndios, neri e bianchi, la Colombia \u00e8 una, con le sue diversit\u00e0, l'allegria e la tristezza\u201d. Ballo sardo e uno degli abiti tradizionali pi\u00f9 belli dell'isola con il\u00a0Gruppo folk \u201cMurales\u201d di\u00a0Orgosolo.\u00a0Quindi il gruppo tutto maschile\u00a0\u201cSteirischer Schwung\u201d di Stiwoll (Austria) che ha riscosso particolare successo tra i bambini col ballo bavarese che prevede le percussioni con le mani su cosce, piedi e persino il fondoschiena del compagno. Ilarit\u00e0 ha provocato il gruppo\u00a0Su Carrasegare Osincu di\u00a0Bosa, donne in lutto con carrozzine e bambini (in realt\u00e0 bambolotti) e qualche allegoria sessuale. A chiudere la sfilata l'\u201cHalychyna\u201d Folk Dance Group (Ucraina) con costumi dove rosso e ble erano predominanti e i giovanissimi dell'associazione\u00a0Ittiri Cannedu, con lo splendido abbigliamento tradizionale, seguiti dalla\u00a0Banda Musicale di Ittiri.<\/p>\n<p><img loading=\"lazy\" class=\"alignnone size-medium wp-image-162455 alignleft\" src=\"http:\/\/www.cronacaonline.it\/public\/content\/wp-content\/uploads\/2018\/07\/ballo-RUSSIA-2018-300x168.jpg\" alt=\"ballo RUSSIA 2018\" width=\"300\" height=\"168\" \/> <img loading=\"lazy\" class=\"alignnone size-medium wp-image-162456 alignleft\" src=\"http:\/\/www.cronacaonline.it\/public\/content\/wp-content\/uploads\/2018\/07\/ballo-Colombia-2018-300x168.jpg\" alt=\"ballo Colombia 2018\" width=\"300\" height=\"168\" \/>Da ricordare anche l'entusiasmo per la serata di sabato dei balli allo Stadio Comunale, con un'autentica ovazione per la\u00a0Banda Musicale della Brigata Sassari\u00a0che ha onorato il Premio Zen\u00ecas con l'esecuzione dell'inno \u201cDimonios\u201d uno dei canti che pi\u00f9 riempie d'orgoglio i sardi. Un inno che i quasi duemila spettatori hanno cantato insieme alla Banda Musicale diretta dal maresciallo capo musica Andrea Atzeni a testimonianza dell'affetto nutrito da tutti verso la Brigata Sassari. Un calore che ha colpito il generale Andrea Di Stasio, chiamato al vertice della Brigata da poco pi\u00f9 di un mese.<\/p>\n<p>Luned\u00ec sera sempre a Ittiri la Rassegna di Sapori e Musica dal mondo che propone uno scambio all'insegna della gastronomia e delle danze tra i gruppi di Russia, Austria e Colombia con i gruppi sardi. Red<\/p>\n","protected":false},"excerpt":{"rendered":"<p>Ittiri (SS), 23 Lug 2018 &#8211; Migliaia di spettatori a Ittiri nelle due giornate centrali del festival internazionale del folklore organizzato dall&#8217;associazione Ittiri Cannedu. Come&#8230;<\/p>\n","protected":false},"author":2,"featured_media":162454,"comment_status":"closed","ping_status":"closed","sticky":false,"template":"","format":"standard","meta":[],"categories":[49,51,54],"tags":[],"_links":{"self":[{"href":"https:\/\/www.cronacaonline.it\/index.php\/wp-json\/wp\/v2\/posts\/162452"}],"collection":[{"href":"https:\/\/www.cronacaonline.it\/index.php\/wp-json\/wp\/v2\/posts"}],"about":[{"href":"https:\/\/www.cronacaonline.it\/index.php\/wp-json\/wp\/v2\/types\/post"}],"author":[{"embeddable":true,"href":"https:\/\/www.cronacaonline.it\/index.php\/wp-json\/wp\/v2\/users\/2"}],"replies":[{"embeddable":true,"href":"https:\/\/www.cronacaonline.it\/index.php\/wp-json\/wp\/v2\/comments?post=162452"}],"version-history":[{"count":0,"href":"https:\/\/www.cronacaonline.it\/index.php\/wp-json\/wp\/v2\/posts\/162452\/revisions"}],"wp:featuredmedia":[{"embeddable":true,"href":"https:\/\/www.cronacaonline.it\/index.php\/wp-json\/wp\/v2\/media\/162454"}],"wp:attachment":[{"href":"https:\/\/www.cronacaonline.it\/index.php\/wp-json\/wp\/v2\/media?parent=162452"}],"wp:term":[{"taxonomy":"category","embeddable":true,"href":"https:\/\/www.cronacaonline.it\/index.php\/wp-json\/wp\/v2\/categories?post=162452"},{"taxonomy":"post_tag","embeddable":true,"href":"https:\/\/www.cronacaonline.it\/index.php\/wp-json\/wp\/v2\/tags?post=162452"}],"curies":[{"name":"wp","href":"https:\/\/api.w.org\/{rel}","templated":true}]}}