{"id":162386,"date":"2018-07-20T17:07:59","date_gmt":"2018-07-20T15:07:59","guid":{"rendered":"http:\/\/www.cronacaonline.it\/public\/content\/?p=162386"},"modified":"2018-07-20T17:07:59","modified_gmt":"2018-07-20T15:07:59","slug":"arpas-rilevata-a-calamosca-una-concentrazione-superiore-ai-limiti-di-una-microalga-tossica-in-attesa-dei-nuovi-controlli-gia-programmati-per-lunedi-alcuni-avvisi-e-suggerimenti","status":"publish","type":"post","link":"https:\/\/www.cronacaonline.it\/index.php\/2018\/07\/20\/arpas-rilevata-a-calamosca-una-concentrazione-superiore-ai-limiti-di-una-microalga-tossica-in-attesa-dei-nuovi-controlli-gia-programmati-per-lunedi-alcuni-avvisi-e-suggerimenti\/","title":{"rendered":"Arpas, rilevata a Calamosca una concentrazione superiore ai limiti di una microalga tossica: in attesa dei nuovi controlli, gi\u00e0 programmati per luned\u00ec, alcuni avvisi e suggerimenti."},"content":{"rendered":"<p>Cagliari, 20 Lug 2018 - A seguito di alcuni controlli effettuati dall'ARPAS nella acque di Calamosca \u00e8 stata rilevata la presenza dell'alga Ostreopsis Ovata, una microalga tossica presente nel Mediterraneo, con una concentrazione superiore ai limiti previsti dalla normativa vigente. L'ARPAS effettuer\u00e0 ulteriori controlli gi\u00e0 programmati per luned\u00ec 23 luglio.<br \/>\nNel frattempo si ricorda, in via precauzionale, che la presenza di questo tipo di alga pu\u00f2 causare malessere transitorio nei bagnanti (riniti, faringiti, laringiti, bronchiti, febbre, dermatiti, congiuntiviti); i soggetti particolarmente esposti a questo tipo di patologie dovrebbero astenersi dal frequentare quel tratto di mare.<br \/>\nIl contatto pu\u00f2 avvenire per inalazione di tossine o di frammenti di cellule presenti in mare. In attesa dei risultati dei prossimi controlli, il suggerimento per tutti \u00e8 quello di frequentare altri tratti di costa. Com<\/p>\n<p>&nbsp;<\/p>\n","protected":false},"excerpt":{"rendered":"<p>Cagliari, 20 Lug 2018 &#8211; A seguito di alcuni controlli effettuati dall&#8217;ARPAS nella acque di Calamosca \u00e8 stata rilevata la presenza dell&#8217;alga Ostreopsis Ovata, una&#8230;<\/p>\n","protected":false},"author":2,"featured_media":162388,"comment_status":"closed","ping_status":"closed","sticky":false,"template":"","format":"standard","meta":[],"categories":[49,51,53],"tags":[],"_links":{"self":[{"href":"https:\/\/www.cronacaonline.it\/index.php\/wp-json\/wp\/v2\/posts\/162386"}],"collection":[{"href":"https:\/\/www.cronacaonline.it\/index.php\/wp-json\/wp\/v2\/posts"}],"about":[{"href":"https:\/\/www.cronacaonline.it\/index.php\/wp-json\/wp\/v2\/types\/post"}],"author":[{"embeddable":true,"href":"https:\/\/www.cronacaonline.it\/index.php\/wp-json\/wp\/v2\/users\/2"}],"replies":[{"embeddable":true,"href":"https:\/\/www.cronacaonline.it\/index.php\/wp-json\/wp\/v2\/comments?post=162386"}],"version-history":[{"count":0,"href":"https:\/\/www.cronacaonline.it\/index.php\/wp-json\/wp\/v2\/posts\/162386\/revisions"}],"wp:featuredmedia":[{"embeddable":true,"href":"https:\/\/www.cronacaonline.it\/index.php\/wp-json\/wp\/v2\/media\/162388"}],"wp:attachment":[{"href":"https:\/\/www.cronacaonline.it\/index.php\/wp-json\/wp\/v2\/media?parent=162386"}],"wp:term":[{"taxonomy":"category","embeddable":true,"href":"https:\/\/www.cronacaonline.it\/index.php\/wp-json\/wp\/v2\/categories?post=162386"},{"taxonomy":"post_tag","embeddable":true,"href":"https:\/\/www.cronacaonline.it\/index.php\/wp-json\/wp\/v2\/tags?post=162386"}],"curies":[{"name":"wp","href":"https:\/\/api.w.org\/{rel}","templated":true}]}}