{"id":162338,"date":"2018-07-19T20:06:26","date_gmt":"2018-07-19T18:06:26","guid":{"rendered":"http:\/\/www.cronacaonline.it\/public\/content\/?p=162338"},"modified":"2018-07-19T20:06:26","modified_gmt":"2018-07-19T18:06:26","slug":"nessuna-persona-e-illegale-sabato-21-luglio-welcoming-europe-lancia-un-presidio-a-cagliari-a-sostegno-dellaccoglienza-delle-persone-rifugiate-e-per-decriminalizzare-la-solidarieta","status":"publish","type":"post","link":"https:\/\/www.cronacaonline.it\/index.php\/2018\/07\/19\/nessuna-persona-e-illegale-sabato-21-luglio-welcoming-europe-lancia-un-presidio-a-cagliari-a-sostegno-dellaccoglienza-delle-persone-rifugiate-e-per-decriminalizzare-la-solidarieta\/","title":{"rendered":"&#8220;Nessuna persona \u00e8 illegale&#8221;: Sabato 21 luglio Welcoming Europe lancia un presidio a Cagliari a sostegno dell\u2019accoglienza delle persone rifugiate e per decriminalizzare la solidariet\u00e0"},"content":{"rendered":"<p>Cagliari, 19 Lug 2018 - La rete del Sud Sardegna di Welcoming Europe lancia il presidio \"Nessuna persona \u00e8 illegale\" Sabato 21 luglio alle ore 10.00 a Cagliari in via Roma sotto il Consiglio Regionale della Sardegna. La manifestazione si svolger\u00e0 in contemporanea in tutte le piazze europee in cui si ricorder\u00e0 anche il ventesimo anniversario della Corte Penale Internazionale. Per Roberto Loddo del manifesto sardo: \u201cFame, guerre e sofferenza spingono milioni di esseri umani ad abbandonare i loro luoghi alla ricerca di una speranza di sopravvivenza. Milioni di esseri umani che fanno i conti ogni giorno con le strategie di respingimento europee e con l\u2019apartheid dei centri di identificazione ed espulsione. Per questo motivo abbiamo deciso di lanciare una manifestazione, per ribadire che nessuna persona pu\u00f2 essere considerata illegale, e a fare strage di legalit\u00e0 oggi sono il ministro dell\u2019odio Salvini e il suo governo. Partecipare sabato \u00e8 importante perch\u00e9 non possiamo e non vogliamo essere complici di questa strage di stato\u201d.<\/p>\n<p>\u201cMolte persone migranti preferiscono lanciarsi in mare e morire pur di non finire nelle mani della guardia costiera libica\u201d - dichiara Silvia Piras dell\u2019associazione ProMeSa \u2013 \u201cSabato ci ritroveremo anche per continuare a chiedere conto al ministro dell'Interno dell'operato della guardia costiera libica supportata dall\u2019Italia. Vogliamo conoscere la verit\u00e0 sui naufragi che si susseguono senza sosta e vogliamo sapere che fine hanno fatto le persone intercettate in mare e riportate nei centri di detenzione\u201d. Per Fabio Tidili dell\u2019Unione degli Studenti della Sardegna: \u201cAnche gli studenti e le studentesse della Sardegna scenderanno in piazza per chiedere di decriminalizzare la solidariet\u00e0. In ben 12 paesi dell\u2019Unione Europea distribuire alimenti e bevande, dare un passaggio, comprare un biglietto o ospitare un migrante sono comportamenti per cui \u00e8 possibile ricevere una multa o addirittura essere arrestati dalle autorit\u00e0. Punire questi comportamenti significa punire l'aiuto umanitario e riconoscere il reato di solidariet\u00e0\u201d.<\/p>\n<p>\u201cVogliamo essere liberi di accogliere i rifugiati e vogliamo creare passaggi sicuri\u201d \u2013 dichiara Laura Di Napoli di Welcoming Europe: \u201cDal 1990 a oggi sono morti pi\u00f9 di 34 mila migranti nel tentativo di raggiungere via mare l\u2019Europa. L\u2019apertura di vie d\u2019accesso legali e sicure verso paesi disposti ad accogliere rappresenta spesso la sola opportunit\u00e0 di protezione per richiedenti asilo e rifugiati.\u00a0 Per il presidente dell\u2019Asce Sardegna Antonello Pabis la priorit\u00e0 sono i diritti umani e la protezione delle vittime degli abusi: \u201cMolti migranti sono vittime di sfruttamento lavorativo, abusi o violazioni dei diritti umani, in particolare alle frontiere. Tutte le persone, indipendentemente dalla loro condizione, devono essere tutelate\u201d. Durante il presidio sar\u00e0 inoltre possibile firmare per Welcoming Europe che prevede la decriminalizzazione dell\u2019accoglienza e il rispetto dei diritti umani. Com<\/p>\n","protected":false},"excerpt":{"rendered":"<p>Cagliari, 19 Lug 2018 &#8211; La rete del Sud Sardegna di Welcoming Europe lancia il presidio &#8220;Nessuna persona \u00e8 illegale&#8221; Sabato 21 luglio alle ore&#8230;<\/p>\n","protected":false},"author":2,"featured_media":162339,"comment_status":"closed","ping_status":"closed","sticky":false,"template":"","format":"standard","meta":[],"categories":[49,51,53],"tags":[],"_links":{"self":[{"href":"https:\/\/www.cronacaonline.it\/index.php\/wp-json\/wp\/v2\/posts\/162338"}],"collection":[{"href":"https:\/\/www.cronacaonline.it\/index.php\/wp-json\/wp\/v2\/posts"}],"about":[{"href":"https:\/\/www.cronacaonline.it\/index.php\/wp-json\/wp\/v2\/types\/post"}],"author":[{"embeddable":true,"href":"https:\/\/www.cronacaonline.it\/index.php\/wp-json\/wp\/v2\/users\/2"}],"replies":[{"embeddable":true,"href":"https:\/\/www.cronacaonline.it\/index.php\/wp-json\/wp\/v2\/comments?post=162338"}],"version-history":[{"count":0,"href":"https:\/\/www.cronacaonline.it\/index.php\/wp-json\/wp\/v2\/posts\/162338\/revisions"}],"wp:featuredmedia":[{"embeddable":true,"href":"https:\/\/www.cronacaonline.it\/index.php\/wp-json\/wp\/v2\/media\/162339"}],"wp:attachment":[{"href":"https:\/\/www.cronacaonline.it\/index.php\/wp-json\/wp\/v2\/media?parent=162338"}],"wp:term":[{"taxonomy":"category","embeddable":true,"href":"https:\/\/www.cronacaonline.it\/index.php\/wp-json\/wp\/v2\/categories?post=162338"},{"taxonomy":"post_tag","embeddable":true,"href":"https:\/\/www.cronacaonline.it\/index.php\/wp-json\/wp\/v2\/tags?post=162338"}],"curies":[{"name":"wp","href":"https:\/\/api.w.org\/{rel}","templated":true}]}}