{"id":162323,"date":"2018-07-19T18:11:34","date_gmt":"2018-07-19T16:11:34","guid":{"rendered":"http:\/\/www.cronacaonline.it\/public\/content\/?p=162323"},"modified":"2018-07-19T18:11:34","modified_gmt":"2018-07-19T16:11:34","slug":"alessandra-argiolas-confermata-presidente-del-gruppo-giovani-imprenditori-di-confindustria-sardegna-meridionale","status":"publish","type":"post","link":"https:\/\/www.cronacaonline.it\/index.php\/2018\/07\/19\/alessandra-argiolas-confermata-presidente-del-gruppo-giovani-imprenditori-di-confindustria-sardegna-meridionale\/","title":{"rendered":"Alessandra Argiolas confermata presidente del gruppo giovani imprenditori di Confindustria Sardegna meridionale"},"content":{"rendered":"<p>Cagliari, 19 Lug 2018 - Alessandra Argiolas \u00e8 stata confermata Presidente del Gruppo Giovani Imprenditori della Confindustria Sardegna Meridionale, anche per il biennio 2018 -2020.<\/p>\n<p>\u00c8 stata eletta ieri all\u2019unanimit\u00e0 dall\u2019Assemblea del Gruppo riunita a Cagliari nella sede associativa di viale Colombo.<\/p>\n<p>34 anni, cagliaritana, Alessandra Argiolas \u00e8 responsabile delle aree marketing, commerciale ed organizzazione della Argiolas Formaggi di Dolianova, una delle pi\u00f9 importanti industrie del settore lattiero Caseario della Sardegna.<\/p>\n<p>Laureata in Economia alla Bocconi di Milano \u00e8 da anni particolarmente attiva nell\u2019organizzazione giovanile confindustriale sia a livello nazionale (rappresenta i Giovani Imprenditori italiani nella Giunta della Confindustria nazionale) sia a livello locale.<\/p>\n<p>Come Presidente del Gruppo Giovani di Confindustria Sardegna Meridionale ha concentrato l\u2019attivit\u00e0 soprattutto sui i rapporti con il mondo della Scuola e con l\u2019Universit\u00e0 impegnandosi, in particolare, nella promozione e gestione di iniziative importanti nel settore dell\u2019orientamento scolastico e professionale come \u201cOrienta giovani e Salone dell\u2019Orientamento\u201d, evento cui hanno partecipato negli ultimi anni oltre 4000 giovani delle scuole medie superiori della citt\u00e0 metropolitana di Cagliari e della Provincia del Sud Sardegna) o come il \u201cContamination lab\u201d dell\u2019Universit\u00e0 di Cagliari.<\/p>\n<p>\u201cIl mio obiettivo- ha sottolineato nelle dichiarazioni programmatiche \u2013 \u00e8 quello di consolidare il lavoro impostato negli ultimi anni per rafforzare il rapporto tra scuola, universit\u00e0 e sistema delle imprese e per valorizzare le risorse umane e professionali della nostra regione. Sar\u00e0 importante anche agevolare il passaggio generazionale all'interno delle imprese sarde al fine di valorizzare i giovani talenti imprenditoriali promotori di innovazione economica e sociale e lavorare per mantenere il Gruppo sempre attivo di modo che i suoi componenti si sentano coinvolti ed i giovani imprenditori che si affacciano al movimento lo trovino sempre pi\u00f9 formativo e costruttivo\u201d.<\/p>\n<p>L\u2019Assemblea del Gruppo Giovani Imprenditori ha anche eletto, nella stessa riunione, il Consiglio Direttivo che affiancher\u00e0 Alessandra Argiolas nel prossimo biennio. Sono stati nominati: Marco Aresu del Caseificio Aresu di Donori, Marzia Mastino della Saras, nominati Vice presidenti e Francesca Napoli della Sartec. Com<\/p>\n","protected":false},"excerpt":{"rendered":"<p>Cagliari, 19 Lug 2018 &#8211; Alessandra Argiolas \u00e8 stata confermata Presidente del Gruppo Giovani Imprenditori della Confindustria Sardegna Meridionale, anche per il biennio 2018 -2020.&#8230;<\/p>\n","protected":false},"author":2,"featured_media":162324,"comment_status":"closed","ping_status":"closed","sticky":false,"template":"","format":"standard","meta":[],"categories":[49,51,53],"tags":[],"_links":{"self":[{"href":"https:\/\/www.cronacaonline.it\/index.php\/wp-json\/wp\/v2\/posts\/162323"}],"collection":[{"href":"https:\/\/www.cronacaonline.it\/index.php\/wp-json\/wp\/v2\/posts"}],"about":[{"href":"https:\/\/www.cronacaonline.it\/index.php\/wp-json\/wp\/v2\/types\/post"}],"author":[{"embeddable":true,"href":"https:\/\/www.cronacaonline.it\/index.php\/wp-json\/wp\/v2\/users\/2"}],"replies":[{"embeddable":true,"href":"https:\/\/www.cronacaonline.it\/index.php\/wp-json\/wp\/v2\/comments?post=162323"}],"version-history":[{"count":0,"href":"https:\/\/www.cronacaonline.it\/index.php\/wp-json\/wp\/v2\/posts\/162323\/revisions"}],"wp:featuredmedia":[{"embeddable":true,"href":"https:\/\/www.cronacaonline.it\/index.php\/wp-json\/wp\/v2\/media\/162324"}],"wp:attachment":[{"href":"https:\/\/www.cronacaonline.it\/index.php\/wp-json\/wp\/v2\/media?parent=162323"}],"wp:term":[{"taxonomy":"category","embeddable":true,"href":"https:\/\/www.cronacaonline.it\/index.php\/wp-json\/wp\/v2\/categories?post=162323"},{"taxonomy":"post_tag","embeddable":true,"href":"https:\/\/www.cronacaonline.it\/index.php\/wp-json\/wp\/v2\/tags?post=162323"}],"curies":[{"name":"wp","href":"https:\/\/api.w.org\/{rel}","templated":true}]}}