{"id":162306,"date":"2018-07-19T15:27:31","date_gmt":"2018-07-19T13:27:31","guid":{"rendered":"http:\/\/www.cronacaonline.it\/public\/content\/?p=162306"},"modified":"2018-07-19T15:27:31","modified_gmt":"2018-07-19T13:27:31","slug":"nellaula-del-consiglio-comunale-di-cagliari-premiati-i-vincitori-delleuropean-swim-city-2018","status":"publish","type":"post","link":"https:\/\/www.cronacaonline.it\/index.php\/2018\/07\/19\/nellaula-del-consiglio-comunale-di-cagliari-premiati-i-vincitori-delleuropean-swim-city-2018\/","title":{"rendered":"Nell\u2019aula del Consiglio comunale di Cagliari premiati i vincitori dell&#8217;European Swim City 2018"},"content":{"rendered":"<p>Cagliari, 19 Lug 2018 - \u00c8 stato l'Assessore allo Sport del Comune di Cagliari, Yuri Marcialis, affiancato dal presidente della Commissione Consiliare Sport, Filippo Petrucci e dal Consigliere Marco Benucci, a premiare quattro degli otto nuotatori del capoluogo che hanno rappresentato la citt\u00e0 di Cagliari nella competizione European Swim City 2018.<br \/>\nPresenti alla cerimonia Ludovico Bertelli, Chiara Cadeddu, Samuele Congia e Carlo Marcello Demontis, che hanno ritirato il riconoscimento anche per i loro colleghi Giorgia Meloni, Francesca Sechi, Alice Maggioni e Gianluca Russu, bloccati da un contrattempo dell'ultimo minuto insieme al loro accompagnatore Pierluigi Salis della FIN.<br \/>\nLa manifestazione, che si \u00e8 tenuta a Pesaro dal 6 all'8 luglio scorso, ha visto la delegazione isolana come grande protagonista, capace di sbaragliare tutte le altre concorrenti e chiudendo la kermesse natatoria al primo posto davanti a Empoli e Sesto Calende.<br \/>\nLa gara internazionale di nuoto, riservata alle Municipalit\u00e0 Europee che sono gi\u00e0 state o stanno per ricevere la certificazione da ACES Europe, ha visto sfidarsi le squadre di tredici citt\u00e0: Lisbona, Cagliari, Ancona, Braga (Portogallo), Brescia, Empoli, Fano, Forl\u00ec, Grottaglie, Pesaro, Piombino e Sesto Calende.<br \/>\nL'Assessore Marcialis, nell'Aula Consiliare, ha consegnato le targhe di merito a Giorgia Meloni, Francesca Sechi, Chiara Cadeddu, Alice Maggioni, Carlo Marcello Demontis, Samuele Congia, Ludovico Bertelli e Gianluca Russu.<br \/>\n\u201cLa nostra squadra \u2013 ha commentato il rappresentante della Giunta - era quella con l'et\u00e0 media pi\u00f9 bassa, ma \u00e8 riuscita ad arrivare in finale in ogni specialit\u00e0, vincendo tra le altre, la staffetta conclusiva. L'Amministrazione si impegner\u00e0 per migliorare gli spazi dedicati allo sport, ma soprattutto al nuoto, praticato da grandi e piccoli\u201d.<\/p>\n<p>Filippo Petrucci ha spiegato quanto sia importante ogni occasione di confronto con altri atleti, \u201cquando le societ\u00e0, i comuni e gli atleti capiscono l'importanza di queste opportunit\u00e0, si possono ottenere grandi risultati, come in questo caso\u201d.<br \/>\nAd accompagnare personalmente i ragazzi a Pesaro \u00e8 stato Marco Benucci, consigliere comunale. \u201c\u00c8 stata una bellissima esperienza. Nonostante la giovane et\u00e0, i ragazzi si sono comportati in modo professionale, dando il meglio e portando a casa ottimi piazzamenti\u201d.<br \/>\nUn ringraziamento da parte del consigliere Benucci \u00e8 andato ad Alessandro Caddeo, della Fly &amp; DREAM Tour by Caddy, che ha dato una mano logistica per la trasferta degli otto ragazzi.<br \/>\nAlle prime tre classificate, il Presidente di ACES EUROPE consegner\u00e0 la bandiera European Swim City 2018 il 12 novembre 2018 a Roma, presso il Salone d\u2019Onore del CONI, alla presenza del Presidente del CONI Giovanni Malag\u00f2.<br \/>\nLa delegazione di Cagliari si \u00e8 anche aggiudicata l\u2019ambito Trofeo Swim City realizzato per l\u2019occasione dal noto artigiano pesarese Renzo Verzolini.<\/p>\n","protected":false},"excerpt":{"rendered":"<p>Cagliari, 19 Lug 2018 &#8211; \u00c8 stato l&#8217;Assessore allo Sport del Comune di Cagliari, Yuri Marcialis, affiancato dal presidente della Commissione Consiliare Sport, Filippo Petrucci&#8230;<\/p>\n","protected":false},"author":2,"featured_media":162307,"comment_status":"closed","ping_status":"closed","sticky":false,"template":"","format":"standard","meta":[],"categories":[49,51,56],"tags":[],"_links":{"self":[{"href":"https:\/\/www.cronacaonline.it\/index.php\/wp-json\/wp\/v2\/posts\/162306"}],"collection":[{"href":"https:\/\/www.cronacaonline.it\/index.php\/wp-json\/wp\/v2\/posts"}],"about":[{"href":"https:\/\/www.cronacaonline.it\/index.php\/wp-json\/wp\/v2\/types\/post"}],"author":[{"embeddable":true,"href":"https:\/\/www.cronacaonline.it\/index.php\/wp-json\/wp\/v2\/users\/2"}],"replies":[{"embeddable":true,"href":"https:\/\/www.cronacaonline.it\/index.php\/wp-json\/wp\/v2\/comments?post=162306"}],"version-history":[{"count":0,"href":"https:\/\/www.cronacaonline.it\/index.php\/wp-json\/wp\/v2\/posts\/162306\/revisions"}],"wp:featuredmedia":[{"embeddable":true,"href":"https:\/\/www.cronacaonline.it\/index.php\/wp-json\/wp\/v2\/media\/162307"}],"wp:attachment":[{"href":"https:\/\/www.cronacaonline.it\/index.php\/wp-json\/wp\/v2\/media?parent=162306"}],"wp:term":[{"taxonomy":"category","embeddable":true,"href":"https:\/\/www.cronacaonline.it\/index.php\/wp-json\/wp\/v2\/categories?post=162306"},{"taxonomy":"post_tag","embeddable":true,"href":"https:\/\/www.cronacaonline.it\/index.php\/wp-json\/wp\/v2\/tags?post=162306"}],"curies":[{"name":"wp","href":"https:\/\/api.w.org\/{rel}","templated":true}]}}