{"id":162190,"date":"2018-07-17T11:09:39","date_gmt":"2018-07-17T09:09:39","guid":{"rendered":"http:\/\/www.cronacaonline.it\/public\/content\/?p=162190"},"modified":"2018-07-17T11:09:39","modified_gmt":"2018-07-17T09:09:39","slug":"viva-verdi-il-19-20-21-luglio-larena-giusy-devinu-del-parco-della-musica-di-cagliari-si-illumina-con-musiche-e-cori-di-giuseppe-verdi","status":"publish","type":"post","link":"https:\/\/www.cronacaonline.it\/index.php\/2018\/07\/17\/viva-verdi-il-19-20-21-luglio-larena-giusy-devinu-del-parco-della-musica-di-cagliari-si-illumina-con-musiche-e-cori-di-giuseppe-verdi\/","title":{"rendered":"Viva Verdi!: il 19-20-21 luglio l\u2019Arena Giusy Devinu del Parco della Musica di Cagliari si illumina con musiche e cori di Giuseppe Verdi"},"content":{"rendered":"<p>Cagliari, 17 Lug 2018 - Gioved\u00ec 19, venerd\u00ec 20 e sabato 21 luglio alle 21, nell\u2019Arena Giusy Devinu del Parco della Musica di Cagliari (area adiacente foyer di platea del Teatro Lirico), si tiene il quarto appuntamento dell\u2019Attivit\u00e0 musicale estiva 2018 del Teatro Lirico di Cagliari che propone una serata intitolata Viva Verdi! ed interamente dedicata, ovviamente, a Giuseppe Verdi (Roncole di Busseto, Parma, 1813 - Milano, 1901), nell\u2019interpretazione di Orchestra e Coro del Teatro Lirico, diretti da Sandro Sanna. Il maestro del coro \u00e8 Donato Sivo.<\/p>\n<p>Un\u2019occasione eccezionale e preziosa per ascoltare, nuovamente o per la prima volta, sinfonie, cori, brani famosi e popolari del massimo operista italiano.<\/p>\n<p>Il programma delle tre serate prevede l\u2019esecuzione di celebri brani orchestrali e famosissime pagine corali, tratti dai pi\u00f9 noti capolavori verdiani, quali: da Giovanna d\u2019Arco: Sinfonia; da Macbeth: Coro delle streghe; da I due Foscari: Preludio; Alla gioia; Tace il vento; da Il Trovatore: Vedi! Le fosche notturne spoglie; da Attila: Preludio; da I Lombardi alla prima Crociata: O Signore, dal tetto nat\u00eco; da La Traviata: Preludio atto I; Noi siamo zingarelle - Di Madride noi siam mattadori; da Rigoletto: Scorrendo uniti; da Nabucco: Sinfonia; Va\u2019, pensiero.<\/p>\n<p>Per tutti gli abbonati alle Stagioni lirica e di balletto e concertistica 2018, il Teatro Lirico di Cagliari riserva un biglietto speciale di \u20ac 5.<\/p>\n<p>La Biglietteria del Teatro Lirico \u00e8 aperta dal luned\u00ec al venerd\u00ec dalle 9 alle 13 e dalle 16 alle 20, il sabato dalle 9 alle 13 e nell\u2019ora precedente l\u2019inizio dello spettacolo. I giorni festivi solo nell\u2019ora precedente l\u2019inizio dello spettacolo.<br \/>\nPrezzi biglietti: posto unico \u20ac 10. Red<\/p>\n","protected":false},"excerpt":{"rendered":"<p>Cagliari, 17 Lug 2018 &#8211; Gioved\u00ec 19, venerd\u00ec 20 e sabato 21 luglio alle 21, nell\u2019Arena Giusy Devinu del Parco della Musica di Cagliari (area&#8230;<\/p>\n","protected":false},"author":2,"featured_media":162191,"comment_status":"closed","ping_status":"closed","sticky":false,"template":"","format":"standard","meta":[],"categories":[49,51,54],"tags":[],"_links":{"self":[{"href":"https:\/\/www.cronacaonline.it\/index.php\/wp-json\/wp\/v2\/posts\/162190"}],"collection":[{"href":"https:\/\/www.cronacaonline.it\/index.php\/wp-json\/wp\/v2\/posts"}],"about":[{"href":"https:\/\/www.cronacaonline.it\/index.php\/wp-json\/wp\/v2\/types\/post"}],"author":[{"embeddable":true,"href":"https:\/\/www.cronacaonline.it\/index.php\/wp-json\/wp\/v2\/users\/2"}],"replies":[{"embeddable":true,"href":"https:\/\/www.cronacaonline.it\/index.php\/wp-json\/wp\/v2\/comments?post=162190"}],"version-history":[{"count":0,"href":"https:\/\/www.cronacaonline.it\/index.php\/wp-json\/wp\/v2\/posts\/162190\/revisions"}],"wp:featuredmedia":[{"embeddable":true,"href":"https:\/\/www.cronacaonline.it\/index.php\/wp-json\/wp\/v2\/media\/162191"}],"wp:attachment":[{"href":"https:\/\/www.cronacaonline.it\/index.php\/wp-json\/wp\/v2\/media?parent=162190"}],"wp:term":[{"taxonomy":"category","embeddable":true,"href":"https:\/\/www.cronacaonline.it\/index.php\/wp-json\/wp\/v2\/categories?post=162190"},{"taxonomy":"post_tag","embeddable":true,"href":"https:\/\/www.cronacaonline.it\/index.php\/wp-json\/wp\/v2\/tags?post=162190"}],"curies":[{"name":"wp","href":"https:\/\/api.w.org\/{rel}","templated":true}]}}