{"id":162072,"date":"2018-07-13T11:20:34","date_gmt":"2018-07-13T09:20:34","guid":{"rendered":"http:\/\/www.cronacaonline.it\/public\/content\/?p=162072"},"modified":"2018-07-13T11:20:34","modified_gmt":"2018-07-13T09:20:34","slug":"martedi-prossimo-alle-ore-10-00-presentazione-del-33-ittiri-folk-festa-presso-luniversita-di-sassari-martedi-17-alle-ore-10-tra-i-gruppi-stranieri-ci-sara-pure-la-colombia","status":"publish","type":"post","link":"https:\/\/www.cronacaonline.it\/index.php\/2018\/07\/13\/martedi-prossimo-alle-ore-10-00-presentazione-del-33-ittiri-folk-festa-presso-luniversita-di-sassari-martedi-17-alle-ore-10-tra-i-gruppi-stranieri-ci-sara-pure-la-colombia\/","title":{"rendered":"Marted\u00ec prossimo alle ore 10.00 presentazione del 33\u00b0 Ittiri Folk Festa presso l&#8217;Universit\u00e0 di Sassari marted\u00ec 17 alle ore 10 &#8211; Tra i gruppi stranieri ci sar\u00e0 pure la Colombia"},"content":{"rendered":"<p>Sassari, 13 Lug 2018 - Il conto alla rovescia \u00e8 quasi ultimato: con l'anteprima di Alghero del 19 luglio prender\u00e0 il via l'edizione numero 33 del festival internazionale organizzato dall'associazione Ittiri Cannedu,\u00a0che avr\u00e0 il suo clou dal 20 al 23 luglio e chiuder\u00e0 a Thiesi il 24.\u00a0Il programma completo e l'elenco dei gruppi partecipanti verr\u00e0 illustrato nel corso di una conferenza stampa che si terr\u00e0 presso la Sala Milella marted\u00ec 17 luglio alle ore 10.<\/p>\n<p>Interverranno Piero Simula, presidente di Ittiri Cannedu, Leonardo Marras, presidente del Premio Zenias che viene assegnato durante l'Ittiri Folk Festa, il sindaco di Ittiri Antonio Sau, l'assessore alla Cultura e Spettacolo del Comune di Ittiri, Baingio Cuccu, l'assessore regionale al Turismo, Barbara Argiolas, un rappresentante della Fondazione Alghero e Gian Mario Demartis, responsabile degli eventi di contorno all'Ittiri Folk Festa.<\/p>\n<p>Intanto \u00e8 arrivata la conferma dal Sudamerica della presenza di un gruppo dalla\u00a0Colombia: Compa\u00f1ia America Danza. Fondata nel 2003 attraverso la ricerca valorizza le forme artistiche e la cultura delle varie regioni del Paese e le riconsidera nel contesto attuale. \u201cFondiamo la nostra riflessione, il realismo magico e la cultura colombiana. La Compa\u00f1ia rappresenta nelle scene i possibili dialoghi di una Colombia che sta cambiando\u201d. Tra le scene proposte \u201cEl duelo de la vida\u201d che si rifa alla giornata lavorativa dei coltivatori del caff\u00e8, \u201cEl espiritu de la Tamobra\u201d danza che prende il nome dall'omonimo strumento musicale a percussione, o ancora le danze che si rifanno al Carnaval de Barranquilla.<\/p>\n<p>Il gruppo della Colombia va ad aggiungersi a quelli di\u00a0Austria\u00a0(Steirischer Schwung),\u00a0Russia\u00a0(Tanok Folk Ensemble di\u00a0Izhevsk)\u00a0e\u00a0Sudafrica(Sidlangaloludzala). Com<\/p>\n","protected":false},"excerpt":{"rendered":"<p>Sassari, 13 Lug 2018 &#8211; Il conto alla rovescia \u00e8 quasi ultimato: con l&#8217;anteprima di Alghero del 19 luglio prender\u00e0 il via l&#8217;edizione numero 33&#8230;<\/p>\n","protected":false},"author":2,"featured_media":162073,"comment_status":"closed","ping_status":"closed","sticky":false,"template":"","format":"standard","meta":[],"categories":[49,51,54],"tags":[],"_links":{"self":[{"href":"https:\/\/www.cronacaonline.it\/index.php\/wp-json\/wp\/v2\/posts\/162072"}],"collection":[{"href":"https:\/\/www.cronacaonline.it\/index.php\/wp-json\/wp\/v2\/posts"}],"about":[{"href":"https:\/\/www.cronacaonline.it\/index.php\/wp-json\/wp\/v2\/types\/post"}],"author":[{"embeddable":true,"href":"https:\/\/www.cronacaonline.it\/index.php\/wp-json\/wp\/v2\/users\/2"}],"replies":[{"embeddable":true,"href":"https:\/\/www.cronacaonline.it\/index.php\/wp-json\/wp\/v2\/comments?post=162072"}],"version-history":[{"count":0,"href":"https:\/\/www.cronacaonline.it\/index.php\/wp-json\/wp\/v2\/posts\/162072\/revisions"}],"wp:featuredmedia":[{"embeddable":true,"href":"https:\/\/www.cronacaonline.it\/index.php\/wp-json\/wp\/v2\/media\/162073"}],"wp:attachment":[{"href":"https:\/\/www.cronacaonline.it\/index.php\/wp-json\/wp\/v2\/media?parent=162072"}],"wp:term":[{"taxonomy":"category","embeddable":true,"href":"https:\/\/www.cronacaonline.it\/index.php\/wp-json\/wp\/v2\/categories?post=162072"},{"taxonomy":"post_tag","embeddable":true,"href":"https:\/\/www.cronacaonline.it\/index.php\/wp-json\/wp\/v2\/tags?post=162072"}],"curies":[{"name":"wp","href":"https:\/\/api.w.org\/{rel}","templated":true}]}}