{"id":161869,"date":"2018-07-08T09:43:02","date_gmt":"2018-07-08T07:43:02","guid":{"rendered":"http:\/\/www.cronacaonline.it\/public\/content\/?p=161869"},"modified":"2018-07-08T09:43:02","modified_gmt":"2018-07-08T07:43:02","slug":"teatro-lirico-di-cagliari-beethoven-rossini-e-verdi-illuminano-lattivita-musicale-estiva-2018","status":"publish","type":"post","link":"https:\/\/www.cronacaonline.it\/index.php\/2018\/07\/08\/teatro-lirico-di-cagliari-beethoven-rossini-e-verdi-illuminano-lattivita-musicale-estiva-2018\/","title":{"rendered":"Teatro Lirico di Cagliari &#8211; Beethoven, Rossini e Verdi illuminano l\u2019Attivit\u00e0 musicale estiva 2018"},"content":{"rendered":"<p>Cagliari, 8 Lug 2018 - Da ieri a venerd\u00ec 3 agosto, in 8 localit\u00e0 differenti della Sardegna, \u00e8 stata ideata ed organizzata dal Teatro Lirico di Cagliari, come ormai consuetudine nei mesi di luglio ed agosto, l\u2019Attivit\u00e0 estiva 2018, con 19 appuntamenti musicali, equamente divisi fra Orchestra e Coro del Teatro Lirico di Cagliari, quest\u2019ultimo diretto da Donato Sivo, protagonisti assoluti con cinque accattivanti programmi musicali.<\/p>\n<p>Ad inaugurare la rassegna viene proposto un concerto straordinario, offerto a titolo gratuito e dedicato alla citt\u00e0 di Cagliari ed all\u2019intero territorio della Sardegna che presenta l\u2019esibizione dei complessi stabili cagliaritani diretti da Fabrizio Ruggero. Il programma musicale della serata prevede l\u2019esecuzione della Quarta Sinfonia in Si bemolle maggiore op. 60 di Ludwig van Beethoven e di due celeberrime pagine corali da altrettanto celebri opere di Giuseppe Verdi: da La Traviata: Noi siamo zingarelle - Di Madride noi siam mattadori e da Nabucco: Va\u2019, pensiero.<\/p>\n<p>Ritorna Fabrizio Ruggero, alla guida dell\u2019Orchestra del Teatro Lirico, per il secondo appuntamento che propone la famosa Terza Sinfonia in Mi bemolle maggiore op. 55 \u201cEroica\u201d di Ludwig van Beethoven che la compone nel 1803-1804 per festiggiare il sovvenire di un grande uomo, per poi cambiare idea, dopo la profonda delusione ed indignazione seguita all\u2019autoproclamazione ad Imperatore dei Francesi di Napoleone Bonaparte, al quale, inizialmente, era dedicata la Sinfonia.<\/p>\n<p>Una grande proposta, per il terzo appuntamento della rassegna musicale, \u00e8 l\u2019esecuzione della Petite Messe Solennelle per soli, coro, due pianoforti e harmonium di Gioachino Rossini, uno dei capolavori assoluti della letteratura sacra ottocentesca, in occasione dell\u2019anniversario per i 150 anni dalla scomparsa del compositore. Protagonisti sono il Coro del Teatro Lirico, diretto da Donato Sivo, e, nei ruoli solistici, si esibiscono: Elena Schirru (soprano), Martina Serra (contralto), Enrico Zara (tenore), Francesco Leone (basso). L\u2019accompagnamento musicale \u00e8 affidato a: Francesca Pittau (pianoforte), Clorinda Perfetto (12-13-14)\/Mayumi Ogawa (24-27-28-31) (pianoforte), Andrea Mudu (harmonium).<\/p>\n<p>Il quarto appuntamento propone una serata intitolata Viva Verdi! ed interamente dedicata, ovviamente, a Giuseppe Verdi, nell\u2019interpretazione di Orchestra e Coro del Teatro Lirico, diretti da Sandro Sanna. Un\u2019occasione eccezionale e preziosa per ascoltare, nuovamente o per la prima volta, sinfonie, cori, brani famosi e popolari del massimo operista italiano.<\/p>\n<p>Chiude la rassegna il quinto appuntamento che offre all\u2019ascolto del pubblico altre due celebri sinfonie di Ludwig van Beethoven, la Sesta Sinfonia in Fa maggiore op. 86 \u201cPastorale\u201d e la Settima Sinfonia in La maggiore op. 92, nell\u2019esecuzione dell\u2019Orchestra del Teatro Lirico, diretta da Cristiano Del Monte, direttore musicale di palcoscenico della Fondazione cagliaritana.<\/p>\n<p>Prezzi biglietti: posto unico \u20ac 10 (Cagliari)\/\u20ac 5 (altre localit\u00e0).<\/p>\n<p>Per tutti gli<strong> abbonati alle Stagioni lirica e di balletto e concertistica 2018<\/strong>, il Teatro Lirico di Cagliari riserva un <strong>biglietto speciale<\/strong> di \u20ac 5, sia per Cagliari che per le altre localit\u00e0. Com<\/p>\n","protected":false},"excerpt":{"rendered":"<p>Cagliari, 8 Lug 2018 &#8211; Da ieri a venerd\u00ec 3 agosto, in 8 localit\u00e0 differenti della Sardegna, \u00e8 stata ideata ed organizzata dal Teatro Lirico&#8230;<\/p>\n","protected":false},"author":2,"featured_media":153390,"comment_status":"closed","ping_status":"closed","sticky":false,"template":"","format":"standard","meta":[],"categories":[49,51,54],"tags":[],"_links":{"self":[{"href":"https:\/\/www.cronacaonline.it\/index.php\/wp-json\/wp\/v2\/posts\/161869"}],"collection":[{"href":"https:\/\/www.cronacaonline.it\/index.php\/wp-json\/wp\/v2\/posts"}],"about":[{"href":"https:\/\/www.cronacaonline.it\/index.php\/wp-json\/wp\/v2\/types\/post"}],"author":[{"embeddable":true,"href":"https:\/\/www.cronacaonline.it\/index.php\/wp-json\/wp\/v2\/users\/2"}],"replies":[{"embeddable":true,"href":"https:\/\/www.cronacaonline.it\/index.php\/wp-json\/wp\/v2\/comments?post=161869"}],"version-history":[{"count":0,"href":"https:\/\/www.cronacaonline.it\/index.php\/wp-json\/wp\/v2\/posts\/161869\/revisions"}],"wp:featuredmedia":[{"embeddable":true,"href":"https:\/\/www.cronacaonline.it\/index.php\/wp-json\/wp\/v2\/media\/153390"}],"wp:attachment":[{"href":"https:\/\/www.cronacaonline.it\/index.php\/wp-json\/wp\/v2\/media?parent=161869"}],"wp:term":[{"taxonomy":"category","embeddable":true,"href":"https:\/\/www.cronacaonline.it\/index.php\/wp-json\/wp\/v2\/categories?post=161869"},{"taxonomy":"post_tag","embeddable":true,"href":"https:\/\/www.cronacaonline.it\/index.php\/wp-json\/wp\/v2\/tags?post=161869"}],"curies":[{"name":"wp","href":"https:\/\/api.w.org\/{rel}","templated":true}]}}