{"id":161849,"date":"2018-07-07T12:07:12","date_gmt":"2018-07-07T10:07:12","guid":{"rendered":"http:\/\/www.cronacaonline.it\/public\/content\/?p=161849"},"modified":"2018-07-07T12:07:12","modified_gmt":"2018-07-07T10:07:12","slug":"trentatreesimo-premio-giuseppe-dessi-402-opere-iscritte-363-per-la-sezione-narrativa-e-139-per-la-sezione-poesia-al-concorso-letterario-in-programma-a-villacidro-sud-sardegna-dal-24-al-3","status":"publish","type":"post","link":"https:\/\/www.cronacaonline.it\/index.php\/2018\/07\/07\/trentatreesimo-premio-giuseppe-dessi-402-opere-iscritte-363-per-la-sezione-narrativa-e-139-per-la-sezione-poesia-al-concorso-letterario-in-programma-a-villacidro-sud-sardegna-dal-24-al-3\/","title":{"rendered":"Trentatreesimo premio &#8220;Giuseppe Dess\u00ec&#8221;: 402 opere iscritte (363 per la sezione Narrativa e 139 per la sezione Poesia) al concorso letterario in programma a Villacidro (Sud Sardegna)\u00a0dal 24 al 30 settembre."},"content":{"rendered":"<p>Cagliari, 7 Lug 2018 - Il periodo \u00e8 sempre quello, tra l'estate che finisce e l'autunno ai primi passi. Consueto anche il luogo:\u00a0Villacidro, la cittadina del Sud Sardegna, a una cinquantina di chilometri da Cagliari dove\u00a0<a href=\"http:\/\/www.fondazionedessi.it\/FGD_GDbiog.html\">Giuseppe Dess\u00ec<\/a>sentiva le sue radici. Qui,\u00a0da luned\u00ec 24 a domenica 30 settembre, si rinnova per la\u00a0trentatreesima\u00a0volta l'appuntamento con il\u00a0<a href=\"http:\/\/www.fondazionedessi.it\/FGD_P_Regol.html\">premio letterario<\/a>\u00a0intitolato allo scrittore sardo (1909 \u2013 1977) promosso e organizzato dalla\u00a0<a href=\"http:\/\/www.fondazionedessi.it\/FGD_FFondazione.html\">Fondazione \"Giuseppe Dess\u00ec\"<\/a>\u00a0e dal\u00a0<a href=\"http:\/\/www.comune.villacidro.vs.it\/index.html\">Comune di Villacidro<\/a>\u00a0col patrocinio\u00a0dell'<a href=\"http:\/\/www.regione.sardegna.it\/regione\/assessorati\/istruzione\/\">Assessorato Regionale della Pubblica Istruzione<\/a>,\u00a0della\u00a0<a href=\"http:\/\/www.fondazionedisardegna.it\/\">Fondazione di Sardegna<\/a>,\u00a0del\u00a0<a href=\"http:\/\/www.beniculturali.it\/mibac\/export\/MiBAC\/index.html#&amp;panel1-1\">Ministero per i Beni e le Attivit\u00e0 Culturali<\/a>\u00a0e del\u00a0<a href=\"http:\/\/www.galinascampidano.it\/\">GAL Linas Campidano<\/a>.<br \/>\nUn'intensa settimana di eventi\u00a0- spettacoli, musica, incontri con gli autori, presentazioni editoriali \u2013 far\u00e0 come sempre da cornice e prologo alla serata dedicata alle\u00a0premiazioni,\u00a0sabato 29 settembre. Vi approderanno i\u00a0tre finalisti\u00a0di ciascuna delle\u00a0due sezioni\u00a0letterarie,\u00a0Narrativa\u00a0e\u00a0Poesia, in cui si articola il premio. Il compito di individuarli fra tutte le\u00a0402\u00a0opere\u00a0iscritte\u00a0quest'anno al concorso letterario\u00a0-\u00a0263\u00a0per la sezione\u00a0Narrativa\u00a0e\u00a0139\u00a0per la sezione\u00a0Poesia\u00a0-\u00a0\u00e8 affidato a una qualificata\u00a0<a href=\"http:\/\/www.fondazionedessi.it\/FGD_P_Giuria.html\">commissione giudicatrice<\/a>\u00a0presieduta da\u00a0Anna Dolfi\u00a0e composta da\u00a0Mario Baudino, Duilio Caocci, Giuseppe Langella, Giuseppe Lupo, Massimo Onofri, Stefano Salis, Gigliola Sulis\u00a0e dal presidente della Fondazione Dess\u00ec\u00a0Paolo Lusci. Agli stessi giurati spetter\u00e0 il compito di proclamare e premiare i vincitori, che si aggiudicheranno i cinquemila euro in palio (agli altri finalisti andranno invece 1.5oo euro).<br \/>\nInsieme alle due sezioni propriamente letterarie (che nell'<a href=\"http:\/\/www.fondazionedessi.it\/FGD_P_ADPremi.html\">albo d'oro<\/a>\u00a0del premio annoverano tra i vincitori i poeti Elio Pecora, Maria Luisa Spaziani, Giancarlo Pontiggia, Alda Merini, Eugenio De Signoribus, Gilberto Isella, Gian Piero Bona, Alba Donati, Mariagiorgia Ulbar, Milo De Angelis, Maria Grazia Calandrone e gli scrittori Sandro Petroni, Nico Orengo, Laura Pariani, Salvatore Mannuzzu, Marcello Fois, Michela Murgia, Niccol\u00f2 Ammaniti, Salvatore Silvano Nigro, Antonio Pascale, Maurizio Torchio, Edgardo Franzosini e Carmen Pellegrino), anche quest'anno sono previsti altri due riconoscimenti: il\u00a0Premio Speciale della Giuria\u00a0(sempre dell'importo di cinquemila euro) e il\u00a0Premio Speciale della Fondazione di Sardegna. Il primo, che la giuria si riserva di attribuire a un autore o a un'opera di vario genere letterario, in passato \u00e8 andato a esponenti della societ\u00e0 o della cultura italiana come Luigi Pintor, Sergio Zavoli, Alberto Bevilaqua, Arnoldo Fo\u00e0, Francesco Cossiga, Marco Pannella, Piero Angela, Ascanio Celestini, Mogol, Philippe Daverio, Toni Servillo, Piera Degli Esposti, Salvatore Settis e Remo Bodei. Torna invece per il terzo anno consecutivo l'altro premio speciale, quello istituito dal consiglio d'amministrazione della Fondazione Dess\u00ec con la Fondazione di Sardegna, che viene assegnato a una personalit\u00e0 del panorama culturale o artistico: il Coro di Neoneli e Giacomo Mameli sono stati i vincitori nel 2016, Carlo Ossola e Massimo Bray nell'ultima edizione. Red<\/p>\n","protected":false},"excerpt":{"rendered":"<p>Cagliari, 7 Lug 2018 &#8211; Il periodo \u00e8 sempre quello, tra l&#8217;estate che finisce e l&#8217;autunno ai primi passi. Consueto anche il luogo:\u00a0Villacidro, la cittadina&#8230;<\/p>\n","protected":false},"author":2,"featured_media":142408,"comment_status":"closed","ping_status":"closed","sticky":false,"template":"","format":"standard","meta":[],"categories":[49,51,54],"tags":[],"_links":{"self":[{"href":"https:\/\/www.cronacaonline.it\/index.php\/wp-json\/wp\/v2\/posts\/161849"}],"collection":[{"href":"https:\/\/www.cronacaonline.it\/index.php\/wp-json\/wp\/v2\/posts"}],"about":[{"href":"https:\/\/www.cronacaonline.it\/index.php\/wp-json\/wp\/v2\/types\/post"}],"author":[{"embeddable":true,"href":"https:\/\/www.cronacaonline.it\/index.php\/wp-json\/wp\/v2\/users\/2"}],"replies":[{"embeddable":true,"href":"https:\/\/www.cronacaonline.it\/index.php\/wp-json\/wp\/v2\/comments?post=161849"}],"version-history":[{"count":0,"href":"https:\/\/www.cronacaonline.it\/index.php\/wp-json\/wp\/v2\/posts\/161849\/revisions"}],"wp:featuredmedia":[{"embeddable":true,"href":"https:\/\/www.cronacaonline.it\/index.php\/wp-json\/wp\/v2\/media\/142408"}],"wp:attachment":[{"href":"https:\/\/www.cronacaonline.it\/index.php\/wp-json\/wp\/v2\/media?parent=161849"}],"wp:term":[{"taxonomy":"category","embeddable":true,"href":"https:\/\/www.cronacaonline.it\/index.php\/wp-json\/wp\/v2\/categories?post=161849"},{"taxonomy":"post_tag","embeddable":true,"href":"https:\/\/www.cronacaonline.it\/index.php\/wp-json\/wp\/v2\/tags?post=161849"}],"curies":[{"name":"wp","href":"https:\/\/api.w.org\/{rel}","templated":true}]}}