{"id":161765,"date":"2018-07-05T15:20:01","date_gmt":"2018-07-05T13:20:01","guid":{"rendered":"http:\/\/www.cronacaonline.it\/public\/content\/?p=161765"},"modified":"2018-07-05T15:20:01","modified_gmt":"2018-07-05T13:20:01","slug":"programmazione-territoriale-assessore-paci-alla-rete-metropolitana-del-nord-sardegna-le-risorse-ci-sono-avanti-rapidi-con-interventi-strategici","status":"publish","type":"post","link":"https:\/\/www.cronacaonline.it\/index.php\/2018\/07\/05\/programmazione-territoriale-assessore-paci-alla-rete-metropolitana-del-nord-sardegna-le-risorse-ci-sono-avanti-rapidi-con-interventi-strategici\/","title":{"rendered":"Programmazione territoriale, Assessore Paci alla rete metropolitana del Nord Sardegna: le risorse ci sono, avanti rapidi con interventi strategici"},"content":{"rendered":"<p>Sassari,\u00a05 Lug 2018\u00a0-\u00a0Tagliando di met\u00e0 percorso con l\u2019assessore Raffaele Paci per il progetto di sviluppo della Rete metropolitana del Nord Sardegna all\u2019interno della programmazione territoriale, 8 Comuni (Sassari, Alghero, Castelsardo, Porto Torres, Sennori, Sorso, Stintino e Valledoria), che amministrano un\u2019area in cui vivono quasi 228mila abitanti. Una Rete Metropolitana intelligente che, pensandosi e organizzandosi come una grande citt\u00e0 unitaria, punta a ridisegnare il nord-ovest della Sardegna mettendo a sistema le politiche, i progetti e i territori. \u201cQuesta \u00e8 la programmazione territoriale pi\u00f9 rilevante per estensione della zona interessata e per numero di abitanti, ma lo \u00e8 anche perch\u00e9 la stessa legge 2 del 2016 sancisce la necessit\u00e0 di interventi specifici proprio in virt\u00f9 del suo status giuridico, per garantire progetti mirati e risorse equilibrate\u201d, ha spiegato l\u2019assessore Paci incontrando i sindaci nella sala consiliare di Palazzo Ducale a Sassari.<br \/>\nLa Governance, prima di tutto. \u201cSalvaguardando comunque una visione unitaria, c\u2019\u00e8 disponibilit\u00e0 ad avere in questo caso pi\u00f9 di una centrale di committenza. Certo questo non significa che ciascun Comune si fa le sue azioni, ma possiamo pensare a centrali di committenza tematiche che si occupano ognuna di un settore, e questo lo possiamo fare perch\u00e9 ci sono Comuni grandi e quindi anche pi\u00f9 strutturati dal punto di vista amministrativo e del personale\u201d, ha detto Paci. Secondo elemento, le piccole infrastrutture. \u201cNel resto del territorio abbiamo eliminato la possibilit\u00e0 di realizzarle. In questo caso, sempre in virt\u00f9 di quanto prevede la legge di riordino degli enti locali sullo status del territorio, possiamo prevederli ma solo se sono necessari e funzionali al piano di sviluppo\u201d, ha precisato l\u2019assessore. \u201cInfine, gli interventi per la qualit\u00e0 della vita, anche questi inseriti nel contesto pi\u00f9 ampio del piano, e l\u2019opportunit\u00e0 di mettere in rete i tanti musei che ci sono, per valorizzarli e farli diventare attrattori turistici\u201d.<br \/>\nLE RISORSE DISPONIBILI -\u00a0La rete metropolitana del nord Sardegna pu\u00f2 contare su 70milioni di euro pi\u00f9 i 15 dell\u2019Iti, Investimenti territoriali integrati. \u201cDi questi almeno 10 devono essere destinati ai bandi per gli investimenti delle imprese, e 4 alle zone umide. Poi ci sono gli Innovation Lab, a cui tengo particolarmente, spazi specializzati in percorsi di innovazione per le imprese, e tutta la filiera di arte e cultura, penso al museo dell\u2019Artigianato ma anche al design e alla moda. \u201cC\u2019\u00e8 grande attenzione e supporto costante da parte della Giunta a questo territorio, e continueremo a sostenerlo, facendo scelte totalmente condivise come \u00e8 stato finora. Le risorse ci sono, \u00e8 importante utilizzarle adeguatamente e chiudere il progetto pi\u00f9 rapidamente possibile per dare risposte al territorio\u201d, ha concluso il vicepresidente della Regione. Red<\/p>\n","protected":false},"excerpt":{"rendered":"<p>Sassari,\u00a05 Lug 2018\u00a0&#8211;\u00a0Tagliando di met\u00e0 percorso con l\u2019assessore Raffaele Paci per il progetto di sviluppo della Rete metropolitana del Nord Sardegna all\u2019interno della programmazione territoriale,&#8230;<\/p>\n","protected":false},"author":2,"featured_media":161766,"comment_status":"closed","ping_status":"closed","sticky":false,"template":"","format":"standard","meta":[],"categories":[49,51,52],"tags":[],"_links":{"self":[{"href":"https:\/\/www.cronacaonline.it\/index.php\/wp-json\/wp\/v2\/posts\/161765"}],"collection":[{"href":"https:\/\/www.cronacaonline.it\/index.php\/wp-json\/wp\/v2\/posts"}],"about":[{"href":"https:\/\/www.cronacaonline.it\/index.php\/wp-json\/wp\/v2\/types\/post"}],"author":[{"embeddable":true,"href":"https:\/\/www.cronacaonline.it\/index.php\/wp-json\/wp\/v2\/users\/2"}],"replies":[{"embeddable":true,"href":"https:\/\/www.cronacaonline.it\/index.php\/wp-json\/wp\/v2\/comments?post=161765"}],"version-history":[{"count":0,"href":"https:\/\/www.cronacaonline.it\/index.php\/wp-json\/wp\/v2\/posts\/161765\/revisions"}],"wp:featuredmedia":[{"embeddable":true,"href":"https:\/\/www.cronacaonline.it\/index.php\/wp-json\/wp\/v2\/media\/161766"}],"wp:attachment":[{"href":"https:\/\/www.cronacaonline.it\/index.php\/wp-json\/wp\/v2\/media?parent=161765"}],"wp:term":[{"taxonomy":"category","embeddable":true,"href":"https:\/\/www.cronacaonline.it\/index.php\/wp-json\/wp\/v2\/categories?post=161765"},{"taxonomy":"post_tag","embeddable":true,"href":"https:\/\/www.cronacaonline.it\/index.php\/wp-json\/wp\/v2\/tags?post=161765"}],"curies":[{"name":"wp","href":"https:\/\/api.w.org\/{rel}","templated":true}]}}