{"id":161763,"date":"2018-07-05T15:15:52","date_gmt":"2018-07-05T13:15:52","guid":{"rendered":"http:\/\/www.cronacaonline.it\/public\/content\/?p=161763"},"modified":"2018-07-05T15:15:52","modified_gmt":"2018-07-05T13:15:52","slug":"campagna-antincendi-assessora-spano-da-domani-visita-basi-corpo-forestale-per-verificare-lo-schieramento-in-campo-per-la-lotta-contro-i-roghi","status":"publish","type":"post","link":"https:\/\/www.cronacaonline.it\/index.php\/2018\/07\/05\/campagna-antincendi-assessora-spano-da-domani-visita-basi-corpo-forestale-per-verificare-lo-schieramento-in-campo-per-la-lotta-contro-i-roghi\/","title":{"rendered":"Campagna antincendi, Assessora Spano da domani visita basi corpo forestale per verificare lo schieramento in campo per la lotta contro i roghi"},"content":{"rendered":"<p>Cagliari, 5 Lug 2018.\u00a0L'assessora alla Difesa dell\u2019Ambiente Donatella Spano\u00a0domani, venerd\u00ec 6 giugno, avvia, in vista della campagna antincendi, un ciclo di visite e incontri operativi nelle strutture centrali e periferiche del Corpo Forestale e di Vigilanza ambientale.<\/p>\n<p>L\u2019esponente della Giunta sottolinea che \u201cl\u2019obiettivo \u00e8 quello di verificare lo schieramento messo in campo dalla Regione. L\u2019apparato \u00e8 costituito da una flotta regionale di alto livello a cui si aggiungono i quattro mezzi, tra canadair ed elicotteri, messi a disposizione dal Dipartimento della Protezione civile. Vorrei inoltre ricordare le grandi professionalit\u00e0 esistenti all'interno del Corpo Forestale e di tutti gli altri enti e strutture impegnate nella lotta contro i roghi. Energie fondamentali per difendere e presidiare il nostro territorio\u201d. L\u2019esponente della Giunta\u00a0domani, a partire dalle 9, sar\u00e0 nelle sedi di Sassari, Tempio e Limbara. Luned\u00ec si sposter\u00e0 a Olbia, Al\u00e0 dei Sardi. Nei giorni successivi e fino al prossimo 18 luglio sono previste le visite alle sedi operative di Nuoro, Lanusei, Oristano, Sorgono, Anela, Bosa, Iglesias, Marganai, Pula, Cagliari e Villasalto. L\u2019assessora sar\u00e0 accompagnata dai responsabili della Protezione civile, del Corpo Forestale e di Forestas<\/p>\n<p>Al Corpo Forestale \u00e8 affidato il compito di coordinare le operazioni di spegnimento a terra e gestire un efficace intervento dei mezzi aerei regionali attivando, in caso di necessit\u00e0, le procedure di richiesta dei mezzi aerei dello Stato, curando i contatti operativi e informativi con il centro aereo unificato nazionale (Coau).<\/p>\n<p>Gestisce inoltre la funzione di spegnimento presidiata presso la Sala Operativa Unificata Permanente (Soup) della Direzione generale della Protezione civile, recentemente inaugurata alla presenza del Capo Dipartimento Angelo Borrelli, e dei Centri operativi provinciali (Cop) e locali (Uoc) che coincidono con le Stazioni forestali.<\/p>\n<p>L'attivit\u00e0 di coordinamento si esplica su tutte le componenti che intervengono negli incendi boschivi: personale dell'Agenzia Forestas, volontari, barracelli e in stretta collaborazione con i Sindaci delle aree interessate.<\/p>\n<p>Al Corpo forestale e di vigilanza ambientale, compete la gestione del numero verde di pronto intervento 1515 attivo in tutto il territorio regionale 24 ore su 24. Red<\/p>\n","protected":false},"excerpt":{"rendered":"<p>Cagliari, 5 Lug 2018.\u00a0L&#8217;assessora alla Difesa dell\u2019Ambiente Donatella Spano\u00a0domani, venerd\u00ec 6 giugno, avvia, in vista della campagna antincendi, un ciclo di visite e incontri operativi&#8230;<\/p>\n","protected":false},"author":2,"featured_media":142739,"comment_status":"closed","ping_status":"closed","sticky":false,"template":"","format":"standard","meta":[],"categories":[49,51,52],"tags":[],"_links":{"self":[{"href":"https:\/\/www.cronacaonline.it\/index.php\/wp-json\/wp\/v2\/posts\/161763"}],"collection":[{"href":"https:\/\/www.cronacaonline.it\/index.php\/wp-json\/wp\/v2\/posts"}],"about":[{"href":"https:\/\/www.cronacaonline.it\/index.php\/wp-json\/wp\/v2\/types\/post"}],"author":[{"embeddable":true,"href":"https:\/\/www.cronacaonline.it\/index.php\/wp-json\/wp\/v2\/users\/2"}],"replies":[{"embeddable":true,"href":"https:\/\/www.cronacaonline.it\/index.php\/wp-json\/wp\/v2\/comments?post=161763"}],"version-history":[{"count":0,"href":"https:\/\/www.cronacaonline.it\/index.php\/wp-json\/wp\/v2\/posts\/161763\/revisions"}],"wp:featuredmedia":[{"embeddable":true,"href":"https:\/\/www.cronacaonline.it\/index.php\/wp-json\/wp\/v2\/media\/142739"}],"wp:attachment":[{"href":"https:\/\/www.cronacaonline.it\/index.php\/wp-json\/wp\/v2\/media?parent=161763"}],"wp:term":[{"taxonomy":"category","embeddable":true,"href":"https:\/\/www.cronacaonline.it\/index.php\/wp-json\/wp\/v2\/categories?post=161763"},{"taxonomy":"post_tag","embeddable":true,"href":"https:\/\/www.cronacaonline.it\/index.php\/wp-json\/wp\/v2\/tags?post=161763"}],"curies":[{"name":"wp","href":"https:\/\/api.w.org\/{rel}","templated":true}]}}