{"id":161704,"date":"2018-07-04T14:29:17","date_gmt":"2018-07-04T12:29:17","guid":{"rendered":"http:\/\/www.cronacaonline.it\/public\/content\/?p=161704"},"modified":"2018-07-04T14:29:17","modified_gmt":"2018-07-04T12:29:17","slug":"lorchestra-e-il-coro-del-teatro-lirico-diretti-da-fabrizio-ruggero-inaugurano-sabato-7-luglio-alle-21-allarena-giusy-devinu-di-cagliari-lattivita-musicale-estiva-2018","status":"publish","type":"post","link":"https:\/\/www.cronacaonline.it\/index.php\/2018\/07\/04\/lorchestra-e-il-coro-del-teatro-lirico-diretti-da-fabrizio-ruggero-inaugurano-sabato-7-luglio-alle-21-allarena-giusy-devinu-di-cagliari-lattivita-musicale-estiva-2018\/","title":{"rendered":"L\u2019Orchestra e il Coro del Teatro Lirico, diretti da Fabrizio Ruggero, inaugurano, sabato 7 luglio alle 21, all\u2019Arena Giusy Devinu di Cagliari, l\u2019Attivit\u00e0 musicale estiva 2018"},"content":{"rendered":"<p>Cagliari, 4 Lug 2018 - Sabato 7 luglio alle 21, nell\u2019Arena Giusy Devinu del Parco della Musica di Cagliari (area adiacente foyer di platea del Teatro Lirico), si tiene il concerto straordinario inaugurale dell\u2019Attivit\u00e0 musicale estiva 2018 del Teatro Lirico di Cagliari.<\/p>\n<p>La serata \u00e8 offerta a titolo gratuito ed \u00e8 dedicata alla citt\u00e0 di Cagliari ed all\u2019intero territorio della Sardegna e, prima del concerto, viene brevemente presentato, dal sovrintendente del Teatro Lirico Claudio Orazi, il programma musicale dell\u2019Attivit\u00e0 estiva 2018 al pubblico e alla stampa.<\/p>\n<p>Il concerto presenta l\u2019esibizione di <a href=\"http:\/\/www.teatroliricodicagliari.it\/files_repository\/File\/Biografie%20Interpreti\/orchestra%20teatro%20lirico%20di%20cagliari2.pdf\">Orchestra<\/a> e <a href=\"http:\/\/www.teatroliricodicagliari.it\/media\/2\/53459247781196\/coro_del_teatro_lirico_di_cagliari.pdf\">Coro<\/a> del Teatro Lirico di Cagliari, diretti da Fabrizio Ruggero. Il maestro del coro \u00e8 Donato Sivo.<\/p>\n<p>Il programma musicale della serata prevede l\u2019esecuzione della Quarta Sinfonia in Si bemolle maggiore op. 60 di Ludwig van Beethoven e di due celeberrime pagine corali da altrettanto celebri opere di Giuseppe Verdi: da La Traviata: Noi siamo zingarelle - Di Madride noi siam mattadori e da Nabucco: Va\u2019, pensiero.<\/p>\n<p>L\u2019ingresso al concerto \u00e8 libero e gratuito e i biglietti si possono ritirare (per un massimo di n. 2 a persona) in Biglietteria a partire da venerd\u00ec 6 luglio, fino ad esaurimento dei 200 posti a sedere.<\/p>\n<p>La Biglietteria del Teatro Lirico \u00e8 aperta dal luned\u00ec al venerd\u00ec dalle 9 alle 13 e dalle 16 alle 20, il sabato dalle 9 alle 13 e nell\u2019ora precedente l\u2019inizio dello spettacolo. I giorni festivi solo nell\u2019ora precedente l\u2019inizio dello spettacolo.<\/p>\n<p><img loading=\"lazy\" class=\"alignnone size-medium wp-image-153390 alignleft\" src=\"http:\/\/www.cronacaonline.it\/public\/content\/wp-content\/uploads\/2018\/01\/Fabrizio-Ruggero-foto-Priamo-Tolu-300x200.jpg\" alt=\"Fabrizio Ruggero (foto Priamo Tolu)\" width=\"300\" height=\"200\" \/>Fabrizio Ruggero - Direttore -\u00a0Nato a Tempio Pausania, dopo gli studi umanistici, ha intrapreso gli studi musicali al Conservatorio Statale di Musica \u201cGiovanni Pierluigi da Palestrina\u201d di Cagliari, frequentando i corsi di composizione di Vittorio Montis, Franco Oppo, Gian Piero Cartocci, e di direzione d\u2019orchestra sotto la guida di Paolo Arrivabeni, Sandro Sanna, Angelo Guaragna, Aldo Tarchetti, conseguendo il Diploma di secondo livello. Sempre nello stesso conservatorio ha conseguito il Diploma di Musica Corale e Direzione di Coro e il Diploma di Pianoforte sotto la guida di Stefano Figliola. Si \u00e8 perfezionato a Firenze con Piero Bellugi, a Cagliari con Pietro Mianiti, a Lecce, alla Fondazione Ico \u201cTito Schipa, con Lior Shambadal, all\u2019Op\u00e9ra Royal de Wallonie di Liegi con Paolo Arrivabeni. Ha diretto le opere La serva padrona di Pergolesi ed Il servo padrone di Aldo Tarabella, laboratorio lirico promosso ed organizzato dal Conservatorio di Cagliari. Ha svolto uno stage-tirocinio di perfezionamento, come maestro collaboratore ed assistente alla direzione d\u2019orchestra, all\u2019\u201cEnte Concerti Marialisa de Carolis\u201d di Sassari per le opere liriche: Romeo e Giulietta di Gounod, Le nozze di Figaro di Mozart, Il signor Bruschino di Rossini, Nabucco di Verdi. Vincitore di selezione al Teatro Lirico di Cagliari ha partecipato, come assistente alla direzione d\u2019orchestra, all\u2019opera lirica I Shardana di Ennio Porrino. Nel medesimo teatro ha diretto l\u2019opera lirica La Jura di Gavino Gabriel. Ha collaborato come Maestro collaboratore e Direttore d\u2019orchestra con diverse associazioni ed enti musicali regionali per diverse stagioni, festival e concorsi. Ha partecipato, inoltre, al Festival internazionale di musica contemporanea \u201cSpazio Musica\u201d, Festival Mozartiano, Festival di musica Sacra, Festival dell\u2019Accademia Musicale Euromediterranea. Ha diretto compagini quali: Orchestra del Conservatorio di Cagliari, Orchestra Euromediterranea, Orchestra della Societ\u00e0 dei Concerti di Cagliari, Ensemble di Musica Contemporanea \u201cGiovanni Pierluigi da Palestrina\u201d, Ensemble Villa Aurora, Ensemble Palestrina, Orchestra dei seminari di Direzione d\u2019orchestra di Firenze, Orchestra Ellipsis, Orchestra della Fondazione Tito Schipa, Orchestra e Coro dell\u2019Op\u00e9ra Royal de Wallonie di Liegi, Orchestra e Coro del Teatro Lirico di Cagliari.<\/p>\n<p>Donato Sivo - Maestro del coro -\u00a0Nato a Bari nel 1963, consegue il Diploma in Direzione d\u2019orchestra, con il massimo dei voti, al Conservatorio Statale di Musica \u201cEgidio Romualdo Duni\u201d di Matera, il Diploma in Musica corale e quello in Direzione di Coro al Conservatorio Statale di Musica \u201cDomenico Cimarosa\u201d di Avellino, il Diploma in Pianoforte al Conservatorio di Musica \u201cNiccol\u00f2 Piccinni\u201d di Bari, il Diploma di compimento medio di composizione ed il Diploma in Direzione d\u2019orchestra all\u2019Accademia Musicale Pescarese (con Donato Renzetti) e al Meisterkurse fur Musik di Vienna (con Julius Kalmar). \u00c8 titolare della cattedra di Esercitazioni Orchestrali al Conservatorio di Musica \u201cNino Rota\u201d di Monopoli. Nel 2013 \u00e8 stato Maestro del Coro della Radio Svizzera in Norma di Bellini, eseguita sia al Festival di Pentecoste che al Festival estivo di Salisburgo, con Cecilia Bartoli, Michele Pertusi, John Osborn e per la direzione di Giovanni Antonini. La stessa opera \u00e8 stata replicata ad ottobre e novembre 2016 al Th\u00e9\u00e2tre des Champs-Elyse\u00e9s di Parigi ed al Festspielhaus di Baden-Baden. Sempre alla guida del Coro della Radio Svizzera, nel 2016, esegue Meerestille und gl\u00fcckliche Fahrt op. 112 e Fantasia corale per coro, pianoforte, solisti ed orchestra op. 80 di Beethoven, con solista al pianoforte Martha Argerich. Nel settembre 2015 prepara il Coro della Radio Svizzera per l\u2019inaugurazione del LAC (Lugano Arte Cultura) con la Nona Sinfonia di Beethoven e l\u2019Orchestra della Radio Svizzera Italiana diretta da Vladmir Ashkenazy. \u00c8 dal 1998 che collabora stabilmente con Diego Fasolis, direttore del Coro della Radio Svizzera, in: Johannes Passion e integrale dei Mottetti di Bach; Lobgesang di Mendelssohn; Membra Jesu Nostri di Dietrich Buxtehude; Vespro della Beata Vergine di Monteverdi; The Messiah di Haendel; Requiem di Schumann; Requiem di Verdi; Ein Deutsches Requiem di Brahms, incidendo per la casa discografica ARTS. Parallelamente \u00e8 stato altro Maestro del coro del Teatro Petruzzelli della sua citt\u00e0, dal 2008 al 2013, collaborando con direttori d\u2019orchestra, quali: Lorin Maazel, Roberto Abbado, Daniel Oren, Stefan Anton Reck, Evelino Pid\u00f2, Renato Palumbo, in opere come: Otello di Verdi, Carmen, Il Barbiere di Siviglia, Tosca, Don Giovanni, L\u2019Italiana in Algeri, Cavalleria rusticana, Madama Butterfly, Il crepuscolo degli Dei di Wagner, Turandot, La Boh\u00e8me, La Cenerentola, Falstaff, La clemenza di Tito, Rigoletto, Nabucco. Nel 2003, partecipando al III Concorso Nazionale di Cori Polifonici a Benevento, la Giuria gli conferma, per il secondo anno consecutivo, un Premio speciale per la Miglior Direzione, ricevendo anche la medaglia del Presidente della Repubblica e il Terzo Premio con il Coro Orffea, da lui fondato. Nel novembre 1997 vince il Secondo Premio (primo non assegnato) dirigendo il Coro Orffea al XIV Concorso Polifonico Nazionale \u201cGuido d\u2019Arezzo\u201d, oltre al Premio F.E.N.I.A.R.C.O. quale miglior coro del concorso (Presidente di Giuria Romano Gandolfi, gi\u00e0 maestro del coro della Scala di Milano). Come direttore d\u2019orchestra ha diretto solisti di chiara fama come Wolfang Schulz, primo flauto solista dei Wiener Philharmoniker nell\u2019integrale dei Concerti per flauto e orchestra di Mozart; Francesco Manara, primo violino solista dell\u2019Orchestra del Teatro alla Scala di Milano, nel Concerto per violino e orchestra di Beethoven, e in Schumann, Brahms, \u010cajkovskij e Sibelius. Com<\/p>\n","protected":false},"excerpt":{"rendered":"<p>Cagliari, 4 Lug 2018 &#8211; Sabato 7 luglio alle 21, nell\u2019Arena Giusy Devinu del Parco della Musica di Cagliari (area adiacente foyer di platea del&#8230;<\/p>\n","protected":false},"author":2,"featured_media":161705,"comment_status":"closed","ping_status":"closed","sticky":false,"template":"","format":"standard","meta":[],"categories":[49,51,54],"tags":[],"_links":{"self":[{"href":"https:\/\/www.cronacaonline.it\/index.php\/wp-json\/wp\/v2\/posts\/161704"}],"collection":[{"href":"https:\/\/www.cronacaonline.it\/index.php\/wp-json\/wp\/v2\/posts"}],"about":[{"href":"https:\/\/www.cronacaonline.it\/index.php\/wp-json\/wp\/v2\/types\/post"}],"author":[{"embeddable":true,"href":"https:\/\/www.cronacaonline.it\/index.php\/wp-json\/wp\/v2\/users\/2"}],"replies":[{"embeddable":true,"href":"https:\/\/www.cronacaonline.it\/index.php\/wp-json\/wp\/v2\/comments?post=161704"}],"version-history":[{"count":0,"href":"https:\/\/www.cronacaonline.it\/index.php\/wp-json\/wp\/v2\/posts\/161704\/revisions"}],"wp:featuredmedia":[{"embeddable":true,"href":"https:\/\/www.cronacaonline.it\/index.php\/wp-json\/wp\/v2\/media\/161705"}],"wp:attachment":[{"href":"https:\/\/www.cronacaonline.it\/index.php\/wp-json\/wp\/v2\/media?parent=161704"}],"wp:term":[{"taxonomy":"category","embeddable":true,"href":"https:\/\/www.cronacaonline.it\/index.php\/wp-json\/wp\/v2\/categories?post=161704"},{"taxonomy":"post_tag","embeddable":true,"href":"https:\/\/www.cronacaonline.it\/index.php\/wp-json\/wp\/v2\/tags?post=161704"}],"curies":[{"name":"wp","href":"https:\/\/api.w.org\/{rel}","templated":true}]}}