{"id":161599,"date":"2018-07-02T09:52:33","date_gmt":"2018-07-02T07:52:33","guid":{"rendered":"http:\/\/www.cronacaonline.it\/public\/content\/?p=161599"},"modified":"2018-07-02T09:52:33","modified_gmt":"2018-07-02T07:52:33","slug":"guardia-costiera-sardegna-impegnata-nelloperazione-mare-sicuro-2018","status":"publish","type":"post","link":"https:\/\/www.cronacaonline.it\/index.php\/2018\/07\/02\/guardia-costiera-sardegna-impegnata-nelloperazione-mare-sicuro-2018\/","title":{"rendered":"Guardia Costiera Sardegna impegnata nell\u2019Operazione \u201cMare Sicuro 2018\u201d"},"content":{"rendered":"<p>Cagliari, 2 Lug 2018 \u2013 Si \u00e8 tenuta il 28 Giugno scorso, alle ore 11:00, presso la sede storica della Direzione Marittima di Cagliari in Piazza Deffenu, la conferenza stampa di presentazione dell\u2019operazione \u201cMare Sicuro 2018\u201d.<\/p>\n<p>In questa occasione il Direttore Marittimo C.V. (CP) Giuseppe Minotauro affiancato dal Capo del Reperto Operativo C.F. (CP) Davide G. Barbagiovanni Minciullo, hanno esposto ai media intervenuti le principali norme di sicurezza in mare. Entrambi nel corso dei loro interventi si sono soffermati inoltre, sulle attivit\u00e0 della Guardia Costiera in materia di controlli e vigilanza lungo le coste.<\/p>\n<p>L\u2019evento ha avuto come testimonial d\u2019eccezione Mirco Babini, l\u2019attuale Presidente della Ika (Classe Internazionale di Kiteboarding), il quale con la sua presenza ha voluto manifestare la vicinanza alla Guardia Costiera e la sua sensibilit\u00e0 verso le tematiche connesse all\u2019ambiente mare.<\/p>\n<p>La campagna di sicurezza annuale, viene pianificata dal comando generale del corpo delle capitanerie di porto \u2013 Guardia Costiera, \u00e8 iniziata sabato 16 Giugno e si concluder\u00e0 domenica 16 Settembre; in detto periodo i militari della Guardia Costiera saranno impegnati lungo i circa 950 chilometri di sviluppo costiero della Direzione Marittima di Cagliari, con particolare riguardo ai siti considerati di maggior affluenza turistico-balneare.<\/p>\n<p>Sono confermati anche per il 2018 gli obiettivi della campagna in parola, consistenti in: riduzione gli incidenti in mare; garanzia d\u2019una tranquilla e ordinata fruizione delle spiagge e del mare da parte di bagnanti e diportisti; verifica circa il rispetto della disciplina relativa alle attivit\u00e0, professionali e non, che si svolgono sia in mare che nel demanio marittimo; raggiungimento di una maggiore consapevolezza dei cittadini rispetto alle problematiche legate all\u2019ambiente marino.<\/p>\n<p>Durante lo svolgimento dell\u2019operazione verranno altres\u00ec messe in atto le opportune sinergie con gli altri corpi dello Stato operanti in mare, col volontariato e le amministrazioni locali, allo scopo di realizzare anche il diretto coinvolgimento degli stessi Enti territoriali.<\/p>\n<p>Per l\u2019organizzazione generale del servizio si \u00e8 proceduto ad individuare un Ufficiale Superiore quale Mission Coordinator Regionale, nonch\u00e9 un Ufficiale inferiore o Sottufficiale quale Mission Coordinator Locale per ciascun Ufficio Comando dipendente dalla Direzione Marittima di Cagliari.<\/p>\n<p>Le pattuglie che opereranno sul territorio saranno costituite da militari in base al grado, alle qualifiche, ai titoli professionali ed al possesso di brevetti attinenti le attivit\u00e0 di cui trattasi (salvamento nuoto\/pronto soccorso etc.) oltre che, naturalmente, alle attitudini dimostrate ed al rispetto degli standard fisici necessari.<\/p>\n<p>La campagna di sicurezza, che come anticipato \u00e8 partita il 16 giugno, sar\u00e0 dapprima finalizzata all\u2019esecuzione di controlli preventivi, indirizzati principalmente a verificare l\u2019esatta attuazione delle regole da parte dei gestori di stabilimenti balneari, circoli nautici, societ\u00e0 di noleggio, etc., con particolare attenzione agli aspetti relativi alla sicurezza della vita umana in mare.<\/p>\n<p>Nell\u2019operazione saranno coinvolti oltre 200 militari, con l\u2019impiego di tutti mezzi navali ricadenti nella giurisdizione di Cagliari (verr\u00e0 privilegiato l\u2019utilizzo dei mezzi minori, per ragioni di economicit\u00e0 e di versatilit\u00e0 di impiego) e dei mezzi terrestri; i pattugliamenti saranno coordinati in modo da rendere pi\u00f9 efficace la sinergia delle pattuglie coinvolte.<\/p>\n<p>Il territorio di competenza sar\u00e0 suddiviso in zone, al fine di razionalizzare i controlli sia per qualit\u00e0 che per tipologia.<\/p>\n<p>Verr\u00e0 posta particolare a attenzione in merito a: comportamenti in grado di pregiudicare l\u2019incolumit\u00e0 delle persone, sia a terra che in mare; comportamenti che possano arrecare disturbo o pericolo ai bagnanti (utilizzo di moto d\u2019acqua, kite surf o unit\u00e0 da diporto in vicinanza della costa); inquinamenti da terra e\/o dal mare; rispetto delle prescrizioni relative alla sicurezza da parte dei concessionari di strutture balneari; rispetto dei limiti e dei divieti di navigazione stabiliti da ordinanze, leggi e\/o regolamenti; salvaguardia e tutela delle aree marine protette, delle aree di interesse archeologico o di riproduzione ittica; anche per il\u00a0 corrente anno \u00e8 stato previsto il rilascio del c.d. \u201cBollino Blu\u201d alle unit\u00e0 da diporto, anche adibite a locazione e noleggio, che a seguito dei controlli di routine da parte delle forze di polizia operanti in mare risultino regolari nella tenuta della documentazione di bordo e delle previste dotazioni di sicurezza.<\/p>\n<p>I risultati dell\u2019Operazione saranno divulgati all\u2019opinione pubblica attraverso puntuali diffusioni di comunicati stampa (a livello di Ufficio Circondariale Marittimo) e l\u2019eventuale convocazione di conferenze stampa (a livello di Compartimento e\/o Direzione Marittima). Com<\/p>\n<p>&nbsp;<\/p>\n<p>&nbsp;<\/p>\n<p>&nbsp;<\/p>\n","protected":false},"excerpt":{"rendered":"<p>Cagliari, 2 Lug 2018 \u2013 Si \u00e8 tenuta il 28 Giugno scorso, alle ore 11:00, presso la sede storica della Direzione Marittima di Cagliari in&#8230;<\/p>\n","protected":false},"author":2,"featured_media":161600,"comment_status":"closed","ping_status":"closed","sticky":false,"template":"","format":"standard","meta":[],"categories":[49,51],"tags":[],"_links":{"self":[{"href":"https:\/\/www.cronacaonline.it\/index.php\/wp-json\/wp\/v2\/posts\/161599"}],"collection":[{"href":"https:\/\/www.cronacaonline.it\/index.php\/wp-json\/wp\/v2\/posts"}],"about":[{"href":"https:\/\/www.cronacaonline.it\/index.php\/wp-json\/wp\/v2\/types\/post"}],"author":[{"embeddable":true,"href":"https:\/\/www.cronacaonline.it\/index.php\/wp-json\/wp\/v2\/users\/2"}],"replies":[{"embeddable":true,"href":"https:\/\/www.cronacaonline.it\/index.php\/wp-json\/wp\/v2\/comments?post=161599"}],"version-history":[{"count":0,"href":"https:\/\/www.cronacaonline.it\/index.php\/wp-json\/wp\/v2\/posts\/161599\/revisions"}],"wp:featuredmedia":[{"embeddable":true,"href":"https:\/\/www.cronacaonline.it\/index.php\/wp-json\/wp\/v2\/media\/161600"}],"wp:attachment":[{"href":"https:\/\/www.cronacaonline.it\/index.php\/wp-json\/wp\/v2\/media?parent=161599"}],"wp:term":[{"taxonomy":"category","embeddable":true,"href":"https:\/\/www.cronacaonline.it\/index.php\/wp-json\/wp\/v2\/categories?post=161599"},{"taxonomy":"post_tag","embeddable":true,"href":"https:\/\/www.cronacaonline.it\/index.php\/wp-json\/wp\/v2\/tags?post=161599"}],"curies":[{"name":"wp","href":"https:\/\/api.w.org\/{rel}","templated":true}]}}