{"id":161486,"date":"2018-06-28T12:12:56","date_gmt":"2018-06-28T10:12:56","guid":{"rendered":"http:\/\/www.cronacaonline.it\/public\/content\/?p=161486"},"modified":"2018-06-28T12:12:56","modified_gmt":"2018-06-28T10:12:56","slug":"a-villasimius-il-portogallo-incontra-il-mediterraneo-e-la-sardegna-parte-il-29-giugno-la-2-edizione-della-manifestazione-culturale-internazionale-latitudine-39-summer-fest","status":"publish","type":"post","link":"https:\/\/www.cronacaonline.it\/index.php\/2018\/06\/28\/a-villasimius-il-portogallo-incontra-il-mediterraneo-e-la-sardegna-parte-il-29-giugno-la-2-edizione-della-manifestazione-culturale-internazionale-latitudine-39-summer-fest\/","title":{"rendered":"A Villasimius il Portogallo incontra il Mediterraneo e la Sardegna: parte il 29 giugno la 2\u00b0 edizione della manifestazione culturale internazionale \u201cLatitudine 39 &#8211; Summer Fest\u201d."},"content":{"rendered":"<p>Cagliari, 28 Giu 2018 - Sardegna e Portogallo, uniti da un forte legame culturale e identitario e dalla stessa coordinata geografica, tra Mediterraneo e Oceano Atlantico, all\u2019estremo occidente d\u2019Europa.<\/p>\n<p>Cultura e musica di eccellente qualit\u00e0 nella seconda edizione della manifestazione internazionale \u201cLatitudine 39 \u2013 Summer Fest\u201d, organizzata a Villasimius dal Comune in collaborazione con l\u2019Associazione Enti Locali per le Attivit\u00e0 Culturali e di Spettacolo, con il sostegno della Fondazione di Sardegna e il patrocinio dell\u2019Instituto Cam\u00f5es\u00a0Portugal, dell\u2019Universit\u00e0 di Padova e del suo Dipartimento di studi linguistici e letterari. Dal 29 giugno al 15 luglio quattro serate e sei eventi straordinari (aperti a tutti e gratuiti) nei tre punti nevralgici del paese, Giardini al Parco Bussi, Piazza Gramsci e Porto Turistico, a due passi dalle acque limpide e cristalline delle calette, tra dune di sabbia bianca e scenari incantevoli.<\/p>\n<p>Il fado, il canto pi\u00f9 antico di Lisbona, voce della nostalgia e del dolore, della tristezza e dell\u2019allegria, sulle note malinconiche della musica portoghese, e le parole dei grandi poeti. Una immersione nella cultura lusitana intrisa di suggestioni sarde e mediterranee e brani di toccante intensit\u00e0, in una delle localit\u00e0 turistiche pi\u00f9 belle della costa sud orientale dell\u2019isola.<\/p>\n<p><img loading=\"lazy\" class=\"alignnone size-medium wp-image-161488 alignleft\" src=\"http:\/\/www.cronacaonline.it\/public\/content\/wp-content\/uploads\/2018\/06\/S_Belfiore-m_50-300x200.jpg\" alt=\"S_Belfiore - m_50\" width=\"300\" height=\"200\" \/>L\u2019inaugurazione del 29 giugno vedr\u00e0 alle 21.00 ai Giardini al Parco Bussi, Manuel Alegre, uno dei massimi poeti e romanzieri portoghesi contemporanei, tra i principali protagonisti del lungo processo culturale e politico che port\u00f2 alla caduta della dittatura di Salazar in Portogallo, parlamentare dal 1975, candidato alle elezioni presidenziali nel 2006 e 2011. L\u2019autore originario di \u00c1gueda (1936) sar\u00e0 protagonista di un reading poetico tratto dal suo libro di poesie \u201cBairro Occidental\u201d (2015) e della conversazione pubblica sui legami storici tra Portogallo e Italia, in particolare con la Sardegna. A cinquant\u2019anni dalla pubblicazione di quello che \u00e8 probabilmente il suo libro di poesia pi\u00f9 letto e cantato \u201cPra\u00e7a da Can\u00e7\u00e3o\u201d, Alegre \u00e8 ritornato nel 2015 con un un\u2019altra opera in versi di protesta e indignazione nei confronti di questo terzo millennio e le nuove forme di dittatura, in particolare i mercati del \u201cquartiere occidentale\u201d. Un libro contro la contaminazione del linguaggio, il degrado della poesia e il declino nazionale e dell\u2019Europa. \u201cL\u2019unica risposta possibile \u00e8 la poesia, di nuovo necessaria per reagire a questi tempi\u201d.<\/p>\n<p>Subito dopo alle 23.00 seguir\u00e0 il concerto di Silvia Belfiore, tra le pi\u00f9 stimate musiciste e interpreti italiane per pianoforte solo, piemontese (Alessandria), ma da lungo tempo oramai trasferita a Villasimius. Solista in oltre cinquecento concerti e in formazioni cameristiche nei palchi di tutto il mondo, docente di piano e della storia della musica in Portogallo e titolare della cattedra di pianoforte al Conservatorio di Pavia, appassionata ricercatrice delle pi\u00f9 diverse forme di espressione, porter\u00e0 un repertorio di musiche di epoca moderna e contemporanea dedicate all\u2019universo acqueo dell\u2019Oceano Atlantico e del Mar Mediterraneo, su opere di compositori europei, africani e sudamericani.<\/p>\n<p>Il 1 luglio la musicalit\u00e0 della poesia portoghese, della saudade. Il fado, forma di espressione popolare nata nei vicoli dentro il cuore di Lisbona arriver\u00e0 alle 21.30 ai Giardini al Parco Bussi. Un concerto intenso e profondo \u201cao vivo Villasimius\u201d di Ant\u00f2nio Chainho, uno dei pi\u00f9 grandi maestri di guitarra portuguesa e la voce prodigiosa di Isabel Norohna, cantante di Lisboa tra le migliori fadiste e sperimentatrice su differenti forme d\u2019arte. Sentimenti della vita, della speranza, del dolore, dell\u2019amore, della malinconia. Storie di tutta l\u2019umanit\u00e0 che incantano il pubblico e regalano emozioni forti e di profonda sensualit\u00e0. Dal 2016 Ant\u00f2nio e Isabel hanno dato vita a una formazione internazionale di Fado tradizionale e di jazz lusitano contemporaneo, con un occhio attento alle esperienze musicali dell\u2019altra riva dell\u2019Atlantico.<\/p>\n<p>&nbsp;<\/p>\n<p>Il 6 luglio in Piazza Gramsci alle 21.30 si riparte dalla tradizione della Sardegna e del Mediterraneo che custodisce il benefico legame con la terra, le radici e la storia, con i maestri di launeddas Andrea Pisu e di organetto Vanni Masala. Insieme sono i \u201cFantafolk\u201d, e con una straordinaria padronanza degli strumenti tradizionali sardi, ricercano e propongono ritmi e atmosfere sarde e mediterranee, tra creazioni elettriche e world jazz. Una performance esaltante e coinvolgente, a cui si aggiunge per ogni brano una sorta di racconto che illustra le origini dei motivi tradizionali e le diverse forme di rielaborazione dei brani, al confine tra le diverse e colorate culture del Sud. Da anni esportano l\u2019eccellenza dell\u2019arte musicale dell\u2019isola nei pi\u00f9 prestigiosi festival del mondo.<\/p>\n<p>Il 15 luglio due eventi dedicati alla potenza magnetica del canto e della musica, nel vortice liberatorio della danza. La frenetica pizzica-pizzica, la musica rituale del fenomeno del tarantismo, la grande tradizione popolare del Salento, per una travolgente festa di chiusura in cui si verr\u00e0 trascinati dai ritmi ipnotici e incrociati dei grandi maestri del tamburello. Alle 21.30 il palco del suggestivo Porto Turistico si animer\u00e0 con i Tamburellisti di Torrepaduli (Ruffano-Lecce), gruppo storico di pizzica, tra i pi\u00f9 importanti protagonisti della rinascita della musica e delle danze del Salento e della Puglia, attivi dal 1990. La \u201cPizzica di guarigione\u201d che guarisce i tarantati (i morsicati dal mitico ragno) con sette tra i musicisti e danzatrici del gruppo, per un concerto altamente coinvolgente, tra strumenti tradizionali a corda e percussione e balli coreografici, eseguiti dalle danzatrici della pizzica. Alle 20.30, prima del concerto, Pierpaolo De Giorgi, leader dei Tamburellisti, sar\u00e0 al centro della conversazione pubblica su \u201cLa musica \u00e8 guarigione\u201d nelle societ\u00e0 tradizionali di Puglia, Sardegna e Mediterraneo.<\/p>\n<p>Tutti gli appuntamenti della 2\u00b0 edizione della manifestazione \u201cLatitudine 39 \u2013 Summer Fest\u201d sono aperti a tutti e gratuiti. Com<\/p>\n","protected":false},"excerpt":{"rendered":"<p>Cagliari, 28 Giu 2018 &#8211; Sardegna e Portogallo, uniti da un forte legame culturale e identitario e dalla stessa coordinata geografica, tra Mediterraneo e Oceano&#8230;<\/p>\n","protected":false},"author":2,"featured_media":161487,"comment_status":"closed","ping_status":"closed","sticky":false,"template":"","format":"standard","meta":[],"categories":[49,51,54],"tags":[],"_links":{"self":[{"href":"https:\/\/www.cronacaonline.it\/index.php\/wp-json\/wp\/v2\/posts\/161486"}],"collection":[{"href":"https:\/\/www.cronacaonline.it\/index.php\/wp-json\/wp\/v2\/posts"}],"about":[{"href":"https:\/\/www.cronacaonline.it\/index.php\/wp-json\/wp\/v2\/types\/post"}],"author":[{"embeddable":true,"href":"https:\/\/www.cronacaonline.it\/index.php\/wp-json\/wp\/v2\/users\/2"}],"replies":[{"embeddable":true,"href":"https:\/\/www.cronacaonline.it\/index.php\/wp-json\/wp\/v2\/comments?post=161486"}],"version-history":[{"count":0,"href":"https:\/\/www.cronacaonline.it\/index.php\/wp-json\/wp\/v2\/posts\/161486\/revisions"}],"wp:featuredmedia":[{"embeddable":true,"href":"https:\/\/www.cronacaonline.it\/index.php\/wp-json\/wp\/v2\/media\/161487"}],"wp:attachment":[{"href":"https:\/\/www.cronacaonline.it\/index.php\/wp-json\/wp\/v2\/media?parent=161486"}],"wp:term":[{"taxonomy":"category","embeddable":true,"href":"https:\/\/www.cronacaonline.it\/index.php\/wp-json\/wp\/v2\/categories?post=161486"},{"taxonomy":"post_tag","embeddable":true,"href":"https:\/\/www.cronacaonline.it\/index.php\/wp-json\/wp\/v2\/tags?post=161486"}],"curies":[{"name":"wp","href":"https:\/\/api.w.org\/{rel}","templated":true}]}}