{"id":161296,"date":"2018-06-23T11:27:55","date_gmt":"2018-06-23T09:27:55","guid":{"rendered":"http:\/\/www.cronacaonline.it\/public\/content\/?p=161296"},"modified":"2018-06-23T11:27:55","modified_gmt":"2018-06-23T09:27:55","slug":"la-carmen-di-bizet-al-teatro-lirico-di-cagliari-un-quadro-dai-colori-vivaci-e-accesi","status":"publish","type":"post","link":"https:\/\/www.cronacaonline.it\/index.php\/2018\/06\/23\/la-carmen-di-bizet-al-teatro-lirico-di-cagliari-un-quadro-dai-colori-vivaci-e-accesi\/","title":{"rendered":"La Carmen di Bizet al Teatro Lirico di Cagliari: un quadro dai colori vivaci e accesi"},"content":{"rendered":"<p>Cagliari, 23 Giu 2018 - \u00c8 andata ieri in scena presso il teatro lirico di Cagliari, la prima della Carmen, opera in quattro atti di Georges Bizet.<\/p>\n<p>Il melodramma, ambientato in Spagna, ruota intorno alle figure di Don Jos\u00e9 e di Carmen. Il primo \u00e8 un soldato ligio al dovere verso lo Stato, la famiglia e la ragazza (Micaela) che la madre di lui vorrebbe come sua sposa. La seconda si pone invece come uno spirito libero, che segue soltanto la legge del desiderio e rappresenta la femme fatale capace di attrarre gli uomini e piegarli al suo volere. Non a caso il nome \u201cCarmen\u201d significa \u201cincantesimo, poesia, formula magica\u201d, ecco quindi che la protagonista corrompe col suo fascino Jos\u00e9 portandolo a sacrificare tutto per lei, salvo poi respingerlo crudelmente in nome di un nuovo amore e segnare cos\u00ec la sua morte.<\/p>\n<p>Il nucleo essenziale di questa tragedia ruota, pertanto, intorno a due modi diversi di concepire l\u2019amore, da un lato ricorre in Jos\u00e9 l\u2019idea per cui si tratti di un sentimento destinato a durare nel tempo come nelle fiabe in cui si legge \u201ce vissero felici e contenti\u201d, dall\u2019altro lato la concezione di Carmen espressa all\u2019interno di un autentico scioglilingua, \u201cl\u2019amore \u00e8 uno zingaro, mai ha conosciuto legge, se tu non m\u2019ami, io t\u2019amo, se io t\u2019amo, attento a te!\u201d.<\/p>\n<p>Questi contenuti sono impreziositi da una composizione brillante, connotata da un ritmo incalzante e coinvolgente, che conferisce all\u2019intero spettacolo i contorni di un dipinto dai colori accesi, forti e denso di movimento. Non a caso la scenografia comprende un sipario, calato in occasione dei cambi di scena, impreziosito da un disegno di due tori che si scontrano e che ricorda la \u201cCitt\u00e0 che sale\u201d del futurista Boccioni e che riassume in s\u00e9 le caratteristiche dello spettacolo.<br \/>\nPer quanto attiene alla prima della serata di ieri, gli interpreti che hanno colpito maggiormente sono stati Amadi Lagha (Don Jos\u00e9), un tenore dalla voce potente e capace di esprimere i sentimenti del suo personaggio nei passaggi chiave del canto, e Roxana Constantinescu (Carmen). \u00c8 stato, altres\u00ec, particolarmente apprezzato il cagliaritano Francesco Leone (Zuniga), abile insieme a tutti gli altri interpreti e membri del coro a destreggiarsi nella parlata francese, dato che l\u2019opera \u00e8 interamente nella madrelingua di Bizet, sopratitolata in italiano per il pubblico.<\/p>\n<p>La direzione dell\u2019orchestra \u00e8 stata affidata al maestro Massimo Zanetti, che ha saputo far emozionare gli spettatori soprattutto durante il primo atto, in occasione del noto passaggio \u201cL\u2019amore \u00e8 uno zingaro\u2026.\u201d.<\/p>\n<p>Occorre segnalare la regia di Stephen Medcalf che ha scelto di ambientare l\u2019opera nella Spagna nazionalista della met\u00e0 degli anni \u201940, ossia in un clima pur sempre di guerra civile caratterizzato da una forte presenza militare.<\/p>\n<p>Lo spettacolo sar\u00e0 in scena sino al 3 luglio, con due turni fuori abbonamento (gioved\u00ec 28 giugno e marted\u00ec 3 luglio). Si consiglia la visione in quanto bisogna ammettere che, nonostante le tre ore e venti minuti complessive spaventino per l\u2019eccessiva durata, la rappresentazione scorre rapida ed in modo piacevole grazie alle musiche e ad un cast ed ad una scenografia capaci di divertire. G.P.S.<\/p>\n","protected":false},"excerpt":{"rendered":"<p>Cagliari, 23 Giu 2018 &#8211; \u00c8 andata ieri in scena presso il teatro lirico di Cagliari, la prima della Carmen, opera in quattro atti di&#8230;<\/p>\n","protected":false},"author":2,"featured_media":160996,"comment_status":"closed","ping_status":"closed","sticky":false,"template":"","format":"standard","meta":[],"categories":[49,51,54],"tags":[],"_links":{"self":[{"href":"https:\/\/www.cronacaonline.it\/index.php\/wp-json\/wp\/v2\/posts\/161296"}],"collection":[{"href":"https:\/\/www.cronacaonline.it\/index.php\/wp-json\/wp\/v2\/posts"}],"about":[{"href":"https:\/\/www.cronacaonline.it\/index.php\/wp-json\/wp\/v2\/types\/post"}],"author":[{"embeddable":true,"href":"https:\/\/www.cronacaonline.it\/index.php\/wp-json\/wp\/v2\/users\/2"}],"replies":[{"embeddable":true,"href":"https:\/\/www.cronacaonline.it\/index.php\/wp-json\/wp\/v2\/comments?post=161296"}],"version-history":[{"count":0,"href":"https:\/\/www.cronacaonline.it\/index.php\/wp-json\/wp\/v2\/posts\/161296\/revisions"}],"wp:featuredmedia":[{"embeddable":true,"href":"https:\/\/www.cronacaonline.it\/index.php\/wp-json\/wp\/v2\/media\/160996"}],"wp:attachment":[{"href":"https:\/\/www.cronacaonline.it\/index.php\/wp-json\/wp\/v2\/media?parent=161296"}],"wp:term":[{"taxonomy":"category","embeddable":true,"href":"https:\/\/www.cronacaonline.it\/index.php\/wp-json\/wp\/v2\/categories?post=161296"},{"taxonomy":"post_tag","embeddable":true,"href":"https:\/\/www.cronacaonline.it\/index.php\/wp-json\/wp\/v2\/tags?post=161296"}],"curies":[{"name":"wp","href":"https:\/\/api.w.org\/{rel}","templated":true}]}}