{"id":161156,"date":"2018-06-20T18:10:17","date_gmt":"2018-06-20T16:10:17","guid":{"rendered":"http:\/\/www.cronacaonline.it\/public\/content\/?p=161156"},"modified":"2018-06-20T18:10:17","modified_gmt":"2018-06-20T16:10:17","slug":"gordon-ramsay-friends-una-seconda-edizione-prestigiosa-ieri-al-forte-village-resort","status":"publish","type":"post","link":"https:\/\/www.cronacaonline.it\/index.php\/2018\/06\/20\/gordon-ramsay-friends-una-seconda-edizione-prestigiosa-ieri-al-forte-village-resort\/","title":{"rendered":"\u201cGordon Ramsay &#038; Friends\u201d una seconda edizione prestigiosa ieri al forte Village Resort"},"content":{"rendered":"<p>Santa Margherita di Pula, 20 Giu 2018. Si \u00e8 svolta ieri, al Forte Village Resort, la seconda edizione della\u201cGordon Ramsay Experience\u201d, un evento culinario indimenticabile\u00a0con il pi\u00f9 famoso\u00a0chef stellato\u00a0al mondo.\u00a0 \u00c8 stato un evento imperdibile visto il connubio d\u2019eccezione tra Gordon Ramsay che, con la sua personale collezione di 7 stelle Michelin, non ha bisogno di presentazioni e il Forte Village, capitanato da oltre 20 anni da Lorenzo Giannuzzi, Amministratore Delegato e Direttore Generale, e da 20 anni consecutivi confermato World\u2019s Leading Resort dalla prestigiosa giuria dei World Travel Award.<\/p>\n<p>Con la charity Dinner \u201cGordon Ramsay &amp; Friends\", a supporto della Gordon and Tana Ramsay Foundation, si \u00e8 ripetuta ieri una magia gourmet in grado di stupire i palati pi\u00f9 esigenti. Gordon Ramsay \u00e8 stato affiancato da altri tre Chef di fame internazionale: Carlo Cracco del ristorante Cracco (1 stella Michelin), Massimiliano Mascia patron dello storico San Domenico di Imola (2 stelle Michelin) e Giuseppe Mancino del Piccolo Principe a Viareggio (2 stelle Michelin), tre Chef che durante il periodo estivo trasferiscono la filosofia dei loro rispettivi regni nel cuore del Forte Village. Per la prima volta insieme in cucina, sono stati questi 4 chef i protagonisti di un incontro unico nel suo genere e hanno presentato dei piatti meravigliosi alla vista e eccezionali nel gusto. Gordon Ramsay ha preparato il piatto d\u2019apertura, tonno crudo, cetrioli, sedano,ricotta mustia &amp; bottarga, \u00a0Massimiliano Mascia ha firmato il primo presentando un riso mantecato all\u2019 olio extra vergine con crema di piselli, spugnole e sugo d\u2019arrosto, Carlo Cracco ha stupito con il\u00a0 Morone, purea di zucchine, fiore di zucca farcito e melassa di peperone e Giuseppe Mancino ha concluso l\u2019esperienza culinaria con il Cremoso di pinoli, plumcake al rosmarino e rabarbaro condito. Hanno accompagnato le diverse portate i vini della Cantina Aneri e Santadi.<\/p>\n<p>Il ricavato della serata, aperta anche ad ospiti esterni, verr\u00e0 donato alla Gordon and Tana Ramsay Foundation che supporta da anni il Great Ormond Street Hospital a Londra. Com<\/p>\n<p>&nbsp;<\/p>\n","protected":false},"excerpt":{"rendered":"<p>Santa Margherita di Pula, 20 Giu 2018. Si \u00e8 svolta ieri, al Forte Village Resort, la seconda edizione della\u201cGordon Ramsay Experience\u201d, un evento culinario indimenticabile\u00a0con&#8230;<\/p>\n","protected":false},"author":2,"featured_media":161157,"comment_status":"closed","ping_status":"closed","sticky":false,"template":"","format":"standard","meta":[],"categories":[49,51,54],"tags":[],"_links":{"self":[{"href":"https:\/\/www.cronacaonline.it\/index.php\/wp-json\/wp\/v2\/posts\/161156"}],"collection":[{"href":"https:\/\/www.cronacaonline.it\/index.php\/wp-json\/wp\/v2\/posts"}],"about":[{"href":"https:\/\/www.cronacaonline.it\/index.php\/wp-json\/wp\/v2\/types\/post"}],"author":[{"embeddable":true,"href":"https:\/\/www.cronacaonline.it\/index.php\/wp-json\/wp\/v2\/users\/2"}],"replies":[{"embeddable":true,"href":"https:\/\/www.cronacaonline.it\/index.php\/wp-json\/wp\/v2\/comments?post=161156"}],"version-history":[{"count":0,"href":"https:\/\/www.cronacaonline.it\/index.php\/wp-json\/wp\/v2\/posts\/161156\/revisions"}],"wp:featuredmedia":[{"embeddable":true,"href":"https:\/\/www.cronacaonline.it\/index.php\/wp-json\/wp\/v2\/media\/161157"}],"wp:attachment":[{"href":"https:\/\/www.cronacaonline.it\/index.php\/wp-json\/wp\/v2\/media?parent=161156"}],"wp:term":[{"taxonomy":"category","embeddable":true,"href":"https:\/\/www.cronacaonline.it\/index.php\/wp-json\/wp\/v2\/categories?post=161156"},{"taxonomy":"post_tag","embeddable":true,"href":"https:\/\/www.cronacaonline.it\/index.php\/wp-json\/wp\/v2\/tags?post=161156"}],"curies":[{"name":"wp","href":"https:\/\/api.w.org\/{rel}","templated":true}]}}