{"id":160995,"date":"2018-06-18T12:39:19","date_gmt":"2018-06-18T10:39:19","guid":{"rendered":"http:\/\/www.cronacaonline.it\/public\/content\/?p=160995"},"modified":"2018-06-18T12:39:19","modified_gmt":"2018-06-18T10:39:19","slug":"carmen-sanguigno-e-popolarissimo-dramma-di-georges-bizet-ritorna-nellemozionante-allestimento-scenico-premio-abbiati-2006","status":"publish","type":"post","link":"https:\/\/www.cronacaonline.it\/index.php\/2018\/06\/18\/carmen-sanguigno-e-popolarissimo-dramma-di-georges-bizet-ritorna-nellemozionante-allestimento-scenico-premio-abbiati-2006\/","title":{"rendered":"Carmen, sanguigno e popolarissimo dramma di Georges Bizet, ritorna nell\u2019emozionante allestimento scenico \u201cPremio Abbiati 2006\u201d"},"content":{"rendered":"<p>Cagliari, 18 Giu 2018 - Venerd\u00ec 22 giugno (turno A), alle 21 va in scena il quarto, attesissimo appuntamento della Stagione lirica e di balletto 2018 del Teatro Lirico di Cagliari che prosegue nei mesi estivi, a favore del pubblico di abbonati e dei numerosissimi turisti presenti nell\u2019Isola, con un gradito ritorno: Carmen, op\u00e9ra-comique in quattro atti, su libretto di Henry Meilhac e Ludovic Hal\u00e9vy, tratto dalla novella omonima di Prosper M\u00e9rim\u00e9e, e musica di Georges Bizet (Parigi, 1838 - Bougival, Parigi, 1875), nell\u2019allestimento del Teatro Lirico di Cagliari, in lingua originale francese con sopratitoli in italiano, che risale al luglio 2005 e vince nel 2006 il Premio della Critica Musicale \u201cFranco Abbiati\u201d per la migliore regia e che viene rappresentata, quest\u2019estate, per dieci serate, di cui 8 in abbonamento e 2 fuori abbonamento (queste ultime dedicate soprattutto ai turisti).<\/p>\n<p>L\u2019allestimento di Carmen, curato per la regia da Stephen Medcalf, ripresa da Daniela Zedda, le scene e i costumi da Jamie Vartan, ripresi da Sonia Carlini, due artisti inglesi gi\u00e0 noti al pubblico cagliaritano per aver firmato Romeo e Giulietta del villaggio di Delius (aprile 2002) ed Aida di Verdi (luglio 2003), viene interpretato attraverso un\u2019ideale rilettura della Spagna classica, \u201cteatro\u201d delle contrastanti vicende sentimentali di Carmen, Don Jos\u00e9, Micaela ed Escamillo, ed ambientato agli inizi degli anni Quaranta del secolo scorso, durante il secondo conflitto mondiale ed il regime totalitario di Francisco Franco. Le luci sono di Simon Corder, riprese da Marco Mereu, e la coreografia di Maxine Braham, ripresa da Luigia Frattaroli.<\/p>\n<p>L\u2019Orchestra, il Coro del Teatro Lirico ed il Coro di voci bianche del Conservatorio Statale di Musica \u201cGiovanni Pierluigi da Palestrina\u201d di Cagliari sono guidati da Massimo Zanetti, direttore d\u2019orchestra abruzzese, ospite regolare dei pi\u00f9 prestigiosi teatri d\u2019opera al suo debutto al Teatro Lirico di Cagliari. Il maestro del coro \u00e8 Donato Sivo. Il maestro del coro di voci bianche \u00e8 Enrico Di Maira.<\/p>\n<p>L\u2019opera, rappresentata, per la seconda volta a Cagliari dopo quella del 2005, nell\u2019edizione del 1873 in lingua francese con gli originali dialoghi parlati, si avvale di cantanti\/attori prestigiosi: Amadi Lagha (22-24-27-29 giugno, 1 luglio)\/Azer Zada (23-26-28-30 giugno, 3 luglio) (Don Jos\u00e9), Marco Caria (22-24-27-29 giugno, 1 luglio)\/Luca Micheletti (23-26-28-30 giugno, 3 luglio) (Escamillo), Mauro Secci (Le Danca\u00efre), Enrico Zara (Le Remendado), Gianni Giuga (Moral\u00e8s), Francesco Leone (Zuniga), Roxana Constantinescu (22-24-27-29 giugno, 1 luglio), mezzosoprano rumeno al suo debutto assoluto nel ruolo\/Cristina Melis (23-26-28-30 giugno, 3 luglio), mezzosoprano cagliaritano al suo debutto a Cagliari nel ruolo della gitana che ha gi\u00e0 interpretato una trentina di volte in teatri internazionali (Carmen), Francesca Dotto (22-24-27-29 giugno, 1 luglio)\/Francesca Sassu (23-26-28-30 giugno, 3 luglio) (Mica\u00ebla), Daria Kovalenko (Frasquita), Marina Ogii (Merc\u00e9d\u00e8s), Alessandro Frabotta (Un boh\u00e9mien), Juliana Vivian Carone (Une marchande d\u2019oranges), Simeone Latini (Lillas Pastia), Nicola Pinna (Un guide), Stefano Cancellu (Andr\u00e8s).<\/p>\n<p>In Carmen, rappresentata per la prima volta a Parigi al Th\u00e9\u00e2tre de l\u2019Op\u00e9ra-Comique il 3 marzo 1875, Georges Bizet ha unito diverse tradizioni, diverse convenzioni, diversi mondi. La Spagna creata da Bizet \u00e8 prima ancora che un luogo geografico, il luogo della psicologia umana, il luogo della passionalit\u00e0 e dell\u2019istinto: amore e odio, libert\u00e0 e legami, maschio e femmina. Ed \u00e8 in questi dualismi che va ricercata l\u2019universalit\u00e0 dell\u2019opera di Bizet e dei due caratteri di Don Jos\u00e9 e Carmen. I personaggi dell\u2019opera sono lontani dall\u2019originale letterario di M\u00e9rim\u00e9e e rappresentano dei veri e propri personaggi simbolo: una gitana libera, Carmen, e un angelo casalingo, Micaela, come due poli dell\u2019anima di Don Jos\u00e9. Quest\u2019ultimo \u00e8 alla ricerca della libert\u00e0 che finir\u00e0 per trovare solo nel compiere un gesto estremo come quello dell\u2019uccisione di un altro essere vivente.<\/p>\n<p>L\u2019opera, della durata complessiva di 3 ore e 20 minuti circa compreso un intervallo, viene rappresentata ovviamente in lingua originale francese e il pubblico, come ormai tradizione al Teatro Lirico di Cagliari, ha anche l\u2019ausilio dei sopratitoli in italiano che, scorrendo sull\u2019arco scenico del boccascena, favoriscono la comprensione del libretto.<\/p>\n<p>Carmen, la cui ultima rappresentazione a Cagliari risale al dicembre 2011, viene replicata: sabato 23 giugno alle 21 (turno G); domenica 24 giugno alle 21 (turno D); marted\u00ec 26 giugno alle 21 (turno F); mercoled\u00ec 27 giugno alle 21 (turno B); gioved\u00ec 28 giugno alle 21 (fuori abbonamento); venerd\u00ec 29 giugno alle 21 (turno C); sabato 30 giugno alle 17 (turno I); domenica 1 luglio alle 21 (turno E); marted\u00ec 3 luglio alle 21 (fuori abbonamento).<\/p>\n<p>La Stagione lirica e di balletto 2018 prevede gli ormai consueti otto turni di abbonamento (A, B, C, D, E, F, G, I), ai quali \u00e8 ancora possibile abbonarsi, sebbene, ovviamente, ad un numero ridotto di spettacoli.<\/p>\n<p>Da sottolineare, inoltre, la possibilit\u00e0 di acquistare da venerd\u00ec 23 febbraio 2018 i biglietti per tutti gli spettacoli della Stagione lirica e di balletto; lo stesso servizio \u00e8 possibile anche online attraverso il circuito di prevendita www.vivaticket.it.<\/p>\n<p>Prezzi biglietti: platea da \u20ac 75,00 a \u20ac 50,00 (settore giallo), da \u20ac 60,00 a \u20ac 40,00 (settore rosso), da \u20ac 50,00 a \u20ac 30,00 (settore blu); I loggia da \u20ac 55,00 a \u20ac 40,00 (settore giallo), da \u20ac 45,00 a \u20ac 30,00 (settore rosso), da \u20ac 40,00 a \u20ac 25,00 (settore blu); II loggia da \u20ac 35,00 a \u20ac 25,00 (settore giallo), da \u20ac 25,00 a \u20ac 20,00 (settore rosso), da \u20ac 20,00 a \u20ac 15,00 (settore blu).<\/p>\n<p>Ai giovani under 30 sono applicate riduzioni del 50% sull\u2019acquisto di abbonamenti e biglietti. Ulteriori agevolazioni sono previste per gruppi organizzati.<\/p>\n<p>Inoltre, per tutti gli abbonati alle Stagioni lirica e di balletto e concertistica 2018, il Teatro Lirico di Cagliari riserva una promozione speciale per le recite fuori abbonamento. Ogni abbonato infatti, potr\u00e0 acquistare fino a quattro biglietti con lo sconto del 50%. La promozione \u00e8 valida per le 2 recite fuori abbonamento di Carmen del 28 giugno e del 3 luglio 2018. Com<\/p>\n","protected":false},"excerpt":{"rendered":"<p>Cagliari, 18 Giu 2018 &#8211; Venerd\u00ec 22 giugno (turno A), alle 21 va in scena il quarto, attesissimo appuntamento della Stagione lirica e di balletto&#8230;<\/p>\n","protected":false},"author":2,"featured_media":160996,"comment_status":"closed","ping_status":"closed","sticky":false,"template":"","format":"standard","meta":[],"categories":[49,51,54],"tags":[],"_links":{"self":[{"href":"https:\/\/www.cronacaonline.it\/index.php\/wp-json\/wp\/v2\/posts\/160995"}],"collection":[{"href":"https:\/\/www.cronacaonline.it\/index.php\/wp-json\/wp\/v2\/posts"}],"about":[{"href":"https:\/\/www.cronacaonline.it\/index.php\/wp-json\/wp\/v2\/types\/post"}],"author":[{"embeddable":true,"href":"https:\/\/www.cronacaonline.it\/index.php\/wp-json\/wp\/v2\/users\/2"}],"replies":[{"embeddable":true,"href":"https:\/\/www.cronacaonline.it\/index.php\/wp-json\/wp\/v2\/comments?post=160995"}],"version-history":[{"count":0,"href":"https:\/\/www.cronacaonline.it\/index.php\/wp-json\/wp\/v2\/posts\/160995\/revisions"}],"wp:featuredmedia":[{"embeddable":true,"href":"https:\/\/www.cronacaonline.it\/index.php\/wp-json\/wp\/v2\/media\/160996"}],"wp:attachment":[{"href":"https:\/\/www.cronacaonline.it\/index.php\/wp-json\/wp\/v2\/media?parent=160995"}],"wp:term":[{"taxonomy":"category","embeddable":true,"href":"https:\/\/www.cronacaonline.it\/index.php\/wp-json\/wp\/v2\/categories?post=160995"},{"taxonomy":"post_tag","embeddable":true,"href":"https:\/\/www.cronacaonline.it\/index.php\/wp-json\/wp\/v2\/tags?post=160995"}],"curies":[{"name":"wp","href":"https:\/\/api.w.org\/{rel}","templated":true}]}}