{"id":160839,"date":"2018-06-14T15:07:15","date_gmt":"2018-06-14T13:07:15","guid":{"rendered":"http:\/\/www.cronacaonline.it\/public\/content\/?p=160839"},"modified":"2018-06-14T15:07:15","modified_gmt":"2018-06-14T13:07:15","slug":"il-concorso-internazionale-di-canto-lirico-giusy-devinu-dal-teatro-lirico-di-cagliari-a-sky-classica-hd-lunedi-18-giugno-alle-21-10","status":"publish","type":"post","link":"https:\/\/www.cronacaonline.it\/index.php\/2018\/06\/14\/il-concorso-internazionale-di-canto-lirico-giusy-devinu-dal-teatro-lirico-di-cagliari-a-sky-classica-hd-lunedi-18-giugno-alle-21-10\/","title":{"rendered":"Il Concorso Internazionale di Canto lirico \u201cGiusy Devinu\u201d dal Teatro Lirico di Cagliari a Sky Classica HD luned\u00ec 18 giugno alle 21.10"},"content":{"rendered":"<p>Cagliari, 14 Giu 2018 - La Serata di Gala della I edizione del Concorso Internazionale di Canto lirico \u201cGiusy Devinu\u201d che si \u00e8 tenuta, sabato 30 settembre 2017, al Teatro Lirico di Cagliari, \u00e8 stata ripresa integralmente dalle telecamere di Sky Classica HD e, adesso, viene diffusa, luned\u00ec 18 giugno alle 21.10 e, in replica, per altre sei volte, marted\u00ec 19 giugno alle 10, mercoled\u00ec 20 giugno alle 14.30, gioved\u00ec 21 giugno alle 9, venerd\u00ec 22 giugno alle 23, sabato 23 giugno alle 12 e domenica 24 giugno alle 16.30, sulla celebre emittente televisiva italiana interamente dedicata alla musica classica ed alle opere liriche.<\/p>\n<p>Il Concorso Internazionale di Canto lirico \u201cGiusy Devinu\u201d rientra nel Progetto \u201cRifunzionalizzazione del Parco della Musica e del Teatro Lirico di Cagliari - Internazionalizzazione e innovazione delle produzioni anche per la valorizzazione turistico-culturale degli attrattori territoriali\u201d. Finanziato dal Piano d\u2019Azione Coesione \u201cProgetti strategici di rilevanza regionale\u201d che valorizzano le priorit\u00e0 del POR FESR nell\u2019ambito della Programmazione Unitaria 2014-2020, realizzato e promosso in collaborazione con l\u2019Unione Europea, il Governo Italiano e la Regione Sardegna.<\/p>\n<p><img loading=\"lazy\" class=\"alignnone size-medium wp-image-160841 alignleft\" src=\"http:\/\/www.cronacaonline.it\/public\/content\/wp-content\/uploads\/2018\/06\/Marta-Mari-e-Claudio-Orazi-300x200.jpg\" alt=\"Marta Mari e Claudio Orazi\" width=\"300\" height=\"200\" \/><img loading=\"lazy\" class=\"alignnone size-medium wp-image-160842 alignleft\" src=\"http:\/\/www.cronacaonline.it\/public\/content\/wp-content\/uploads\/2018\/06\/Sabino-Lenoci-Claudio-Orazi-Donato-Renzetti-Cristiano-Erriu-Leo-Nucci-foto-Priamo-Tolu-300x200.jpg\" alt=\"Sabino Lenoci, Claudio Orazi, Donato Renzetti, Cristiano Erriu, Leo Nucci (foto Priamo Tolu)\" width=\"300\" height=\"200\" \/>Il Concorso, nato nel decimo anniversario della prematura scomparsa del soprano cagliaritano, avvenuta nel 2007, si \u00e8 articolato in quattro giornate, nelle prime tre (27-28-29 settembre) si sono svolte le fasi eliminatorie e la semifinale, mentre nella quarta, sabato 30 settembre alle 20.30, aperta al pubblico, era prevista, appunto, la Serata di Gala con l\u2019esibizione dei finalisti, dell\u2019Orchestra del Teatro Lirico di Cagliari, diretta da Donato Renzetti, del soprano Paoletta Marrocu, del baritono Domenico Colaianni e, in qualit\u00e0 di ospite d\u2019onore, del grande baritono Leo Nucci, al quale \u00e8 stato consegnato un premio speciale in nome di Giusy Devinu, collega e con lui testimone di pagine memorabili del teatro d\u2019opera.<\/p>\n<p>I vincitori del Concorso sono stati premiati da Cristiano Erriu, Assessore degli Enti Locali, Finanze e Urbanistica della Regione Autonoma della Sardegna.<\/p>\n<p>Ha presentato la serata Sabino Lenoci, nella duplice veste di Direttore della rivista \u201cL\u2019opera\u201d e Direttore artistico del Concorso.<\/p>\n<p>In ossequio all\u2019internazionalit\u00e0 della fama del soprano cagliaritano, la Giuria del Concorso \u201cGiusy Devinu\u201d vantava la presenza di grandi nomi dei teatri d\u2019opera del panorama mondiale: Paulo Abr\u00e3o Esper (Direttore Generale ed Artistico Concorso di Canto \u201cMaria Callas\u201d di San Paolo e Consulente artistico Festival de \u00d3pera di Manaus, Brasile), Toni Gradsack (Responsabile casting Teatro alla Scala di Milano), Dominique Meyer (Sovrintendente Staatsoper di Vienna), Christoph Seuferle (Direttore Artistico Deutsche Oper di Berlino), Marco Tutino (Compositore), Claudio Orazi (Presidente di Giuria e Sovrintendente Fondazione Teatro Lirico di Cagliari).<\/p>\n<p>Grandi nomi anche nella Giuria Ospite che ha assegnato riconoscimenti speciali ai prescelti: Nicoletta Mantovani (Presidente Fondazione \u201cLuciano Pavarotti\u201d di Modena), Piero Maranghi (Presidente Sky Classica), Paolo Gavazzeni (Direttore artistico e progetti speciali Sky Classica).<\/p>\n<p>\u00abGiusy Devinu \u00e8 stata un\u2019interprete sensibile che ci ha lasciato troppo presto. \u00c8 vivo in tutti noi il ricordo e l\u2019esempio di una persona che credeva in quello che faceva, con grande grazia, seriet\u00e0 e professionalit\u00e0. In collaborazione con il Teatro Lirico di Cagliari, Classica HD \u00e8 orgogliosa di presentare, in esclusiva per tutti gli abbonati SKY, la I edizione del Concorso Internazionale di Canto lirico intitolato alla sua memoria. Mi auguro che il suo esempio di donna e di artista sia di ispirazione per i giovani che oggi intraprendono la sua stessa carriera.\u00bb (Paolo Gavazzeni, Direttore artistico e progetti speciali Sky Classica)<\/p>\n<p>\u00abPer onorare lo spessore artistico ed umano di Giusy Devinu, ho creduto in una forma di Concorso che fosse non solo celebrativo della memoria del grande soprano, ma anche della vivezza del suo insegnamento nel presente e come questo possa rappresentare, per i giovani cantanti, un esempio per la costruzione della loro carriera nel futuro.\u00bb (Claudio Orazi, Sovrintendente Teatro Lirico di Cagliari)<\/p>\n<p>&nbsp;<\/p>\n<p>Per informazioni: Biglietteria del Teatro Lirico, via Sant\u2019Alenixedda, 09128 Cagliari, telefono 0704082230 - 0704082249, <a href=\"mailto:biglietteria@teatroliricodicagliari.it;\">biglietteria@teatroliricodicagliari.it<\/a>, <a href=\"http:\/\/www.teatroliricodicagliari.it\/\">www.teatroliricodicagliari.it<\/a>. Il Teatro Lirico di Cagliari si pu\u00f2 seguire anche su Facebook, Twitter, YouTube, Instagram, Linkedin. Biglietteria online: <a href=\"http:\/\/www.vivaticket.it\">www.vivaticket.it<\/a> Com<\/p>\n<p>&nbsp;<\/p>\n","protected":false},"excerpt":{"rendered":"<p>Cagliari, 14 Giu 2018 &#8211; La Serata di Gala della I edizione del Concorso Internazionale di Canto lirico \u201cGiusy Devinu\u201d che si \u00e8 tenuta, sabato&#8230;<\/p>\n","protected":false},"author":2,"featured_media":160840,"comment_status":"closed","ping_status":"closed","sticky":false,"template":"","format":"standard","meta":[],"categories":[49,51,54],"tags":[],"_links":{"self":[{"href":"https:\/\/www.cronacaonline.it\/index.php\/wp-json\/wp\/v2\/posts\/160839"}],"collection":[{"href":"https:\/\/www.cronacaonline.it\/index.php\/wp-json\/wp\/v2\/posts"}],"about":[{"href":"https:\/\/www.cronacaonline.it\/index.php\/wp-json\/wp\/v2\/types\/post"}],"author":[{"embeddable":true,"href":"https:\/\/www.cronacaonline.it\/index.php\/wp-json\/wp\/v2\/users\/2"}],"replies":[{"embeddable":true,"href":"https:\/\/www.cronacaonline.it\/index.php\/wp-json\/wp\/v2\/comments?post=160839"}],"version-history":[{"count":0,"href":"https:\/\/www.cronacaonline.it\/index.php\/wp-json\/wp\/v2\/posts\/160839\/revisions"}],"wp:featuredmedia":[{"embeddable":true,"href":"https:\/\/www.cronacaonline.it\/index.php\/wp-json\/wp\/v2\/media\/160840"}],"wp:attachment":[{"href":"https:\/\/www.cronacaonline.it\/index.php\/wp-json\/wp\/v2\/media?parent=160839"}],"wp:term":[{"taxonomy":"category","embeddable":true,"href":"https:\/\/www.cronacaonline.it\/index.php\/wp-json\/wp\/v2\/categories?post=160839"},{"taxonomy":"post_tag","embeddable":true,"href":"https:\/\/www.cronacaonline.it\/index.php\/wp-json\/wp\/v2\/tags?post=160839"}],"curies":[{"name":"wp","href":"https:\/\/api.w.org\/{rel}","templated":true}]}}