{"id":160756,"date":"2018-06-13T10:14:18","date_gmt":"2018-06-13T08:14:18","guid":{"rendered":"http:\/\/www.cronacaonline.it\/public\/content\/?p=160756"},"modified":"2018-06-13T10:14:18","modified_gmt":"2018-06-13T08:14:18","slug":"guido-zaccagnini-presenta-venerdi-15-giugno-la-carmen-di-bizet-al-teatro-lirico-di-cagliari","status":"publish","type":"post","link":"https:\/\/www.cronacaonline.it\/index.php\/2018\/06\/13\/guido-zaccagnini-presenta-venerdi-15-giugno-la-carmen-di-bizet-al-teatro-lirico-di-cagliari\/","title":{"rendered":"Guido Zaccagnini presenta venerd\u00ec 15 giugno la Carmen di Bizet al Teatro Lirico di Cagliari"},"content":{"rendered":"<p>Cagliari, 13 Giu 2018 - Venerd\u00ec prossimo, alle 19, nel foyer di platea del Teatro Lirico di Cagliari, il giornalista e musicologo Guido Zaccagnini presenta l\u2019opera Carmen di Georges Bizet, in un incontro con il pubblico. L\u2019opera va in scena, venerd\u00ec 22 giugno alle 21 (turno A), per la Stagione lirica e di balletto 2018 del Teatro Lirico di Cagliari.<\/p>\n<p>Guido Zaccagnini - Nato a Roma nel 1952, \u00e8 docente di Storia della Musica al Conservatorio di Musica di \u201cSanta Cecilia\u201d di Roma. Ha curato e tradotto La generazione romantica di Ch. Rosen (Adelphi, 1997) e Su Beethoven di M. Solomon (Einaudi, 1998); ha pubblicato una monografia su Berlioz (Hector en Italie, Pendragon 2002). La sua collaborazione con Radio Rai \u00e8 iniziata circa trenta anni fa con i programmi Audiobox e Il Paginone.<\/p>\n<p>Carmen viene replicata: sabato 23 giugno alle 21 (turno G); domenica 24 giugno alle 21 (turno D); marted\u00ec 26 giugno alle 21 (turno F); mercoled\u00ec 27 giugno alle 21 (turno B); gioved\u00ec 28 giugno alle 21 (fuori abbonamento); venerd\u00ec 29 giugno alle 21 (turno C); sabato 30 giugno alle 17 (turno I); domenica 1 luglio alle 21 (turno E); marted\u00ec 3 luglio alle 21 (fuori abbonamento).<\/p>\n<p>La Biglietteria del Teatro Lirico \u00e8 aperta dal luned\u00ec al venerd\u00ec dalle 9 alle 13 e dalle 16 alle 20, il sabato dalle 9 alle 13 e nell\u2019ora precedente l\u2019inizio dello spettacolo. I giorni festivi solo nell\u2019ora precedente l\u2019inizio dello spettacolo.<\/p>\n<p>L\u2019ingresso alla presentazione \u00e8 libero. Red<\/p>\n","protected":false},"excerpt":{"rendered":"<p>Cagliari, 13 Giu 2018 &#8211; Venerd\u00ec prossimo, alle 19, nel foyer di platea del Teatro Lirico di Cagliari, il giornalista e musicologo Guido Zaccagnini presenta&#8230;<\/p>\n","protected":false},"author":2,"featured_media":160757,"comment_status":"closed","ping_status":"closed","sticky":false,"template":"","format":"standard","meta":[],"categories":[49,51,54],"tags":[],"_links":{"self":[{"href":"https:\/\/www.cronacaonline.it\/index.php\/wp-json\/wp\/v2\/posts\/160756"}],"collection":[{"href":"https:\/\/www.cronacaonline.it\/index.php\/wp-json\/wp\/v2\/posts"}],"about":[{"href":"https:\/\/www.cronacaonline.it\/index.php\/wp-json\/wp\/v2\/types\/post"}],"author":[{"embeddable":true,"href":"https:\/\/www.cronacaonline.it\/index.php\/wp-json\/wp\/v2\/users\/2"}],"replies":[{"embeddable":true,"href":"https:\/\/www.cronacaonline.it\/index.php\/wp-json\/wp\/v2\/comments?post=160756"}],"version-history":[{"count":0,"href":"https:\/\/www.cronacaonline.it\/index.php\/wp-json\/wp\/v2\/posts\/160756\/revisions"}],"wp:featuredmedia":[{"embeddable":true,"href":"https:\/\/www.cronacaonline.it\/index.php\/wp-json\/wp\/v2\/media\/160757"}],"wp:attachment":[{"href":"https:\/\/www.cronacaonline.it\/index.php\/wp-json\/wp\/v2\/media?parent=160756"}],"wp:term":[{"taxonomy":"category","embeddable":true,"href":"https:\/\/www.cronacaonline.it\/index.php\/wp-json\/wp\/v2\/categories?post=160756"},{"taxonomy":"post_tag","embeddable":true,"href":"https:\/\/www.cronacaonline.it\/index.php\/wp-json\/wp\/v2\/tags?post=160756"}],"curies":[{"name":"wp","href":"https:\/\/api.w.org\/{rel}","templated":true}]}}