{"id":157765,"date":"2018-04-15T09:42:18","date_gmt":"2018-04-15T07:42:18","guid":{"rendered":"http:\/\/www.cronacaonline.it\/public\/content\/?p=157765"},"modified":"2018-04-15T09:42:18","modified_gmt":"2018-04-15T07:42:18","slug":"rubrica-settimanale-di-salute-e-benessere-a-cura-del-dottor-andrea-melis","status":"publish","type":"post","link":"https:\/\/www.cronacaonline.it\/index.php\/2018\/04\/15\/rubrica-settimanale-di-salute-e-benessere-a-cura-del-dottor-andrea-melis\/","title":{"rendered":"Rubrica settimanale di \u201cSalute e benessere\u201d a cura del dottor Andrea Melis"},"content":{"rendered":"<p>Cagliari, 15 Apr 2018 - Che risultati vuoi ottenere quando decidi di iscriverti in palestra o avvalerti di un professionista nel settore del benessere?<\/p>\n<p>La domanda pu\u00f2 apparire scontata ma di fatto non lo \u00e8.<\/p>\n<p>\u00c8 una domanda che ti devi fare e te la devi fare subito.<\/p>\n<p>Si tratta di te e della salute del tuo corpo oltre che della tua mente.<\/p>\n<p>Farti una domanda del genere ti permette di focalizzarti su quelli che sono i tuoi desideri, i tuoi obbiettivi e i tuoi bisogni.<\/p>\n<p>Ognuno di noi ha i propri.<\/p>\n<p>Una volta che rispondi con sincerit\u00e0 a questa domanda sei gi\u00e0 a buon punto.<\/p>\n<p>Se il professionista del settore a cui ti rivolgi ti fa questa domanda, in fase di conoscenza, durante il primo colloquio, sei a met\u00e0 dell\u2019opera.<\/p>\n<p>Molto probabilmente hai davanti a te una persona preparata dal punto di vista professionale ma soprattutto umano.<\/p>\n<p>Perch\u00e9 ho voluto esordire con questa domanda all\u2019inizio dell\u2019articolo?<\/p>\n<p>Semplice.<\/p>\n<p>Il mondo del Fitness \u00e8 cambiato.<\/p>\n<p>Diciamo che si \u00e8 aggiornato.<\/p>\n<p>Alla parola Fitness adesso accostiamo la parola Wellness, cio\u00e8 benessere.<\/p>\n<p>Statisticamente nel mio lavoro quando faccio questa domanda alle mie clienti e ai miei clienti, le risposte che ricevo, rispettivamente sono queste: \"Voglio tonificare (Le ragazze), voglio mettere massa e definirmi (I ragazzi)\".<\/p>\n<p>Per me ormai la domanda \u00e8 retorica.<\/p>\n<p>Per\u00f2 c\u2019\u00e8 un aspetto curioso.<\/p>\n<p>Ultimamente sento risposte diverse.<\/p>\n<p>La \u201cRemise en forme\u201d a cui il cliente aspira si sta evolvendo verso un ambito pi\u00f9 ampio.<\/p>\n<p>L\u2019 apparenza data da un corpo muscolarmente allenato sta lasciando spazio all\u2019 immagine armonica ed equilibrata di una persona che sceglie una palestra e\/o un personal trainer per imparare a prendersi cura del proprio corpo e indirettamente (Ma non troppo), della propria mente.<\/p>\n<p>Ecco questo \u00e8 il concetto di benessere che io sposo con tutto me stesso.<\/p>\n<p>Il benessere psicofisico.<\/p>\n<p>La palestra e i professionisti ivi contenuti dovrebbero accompagnarti in un percorso educativo che ha questa finalit\u00e0.<\/p>\n<p>Non dimentichiamoci il significato dell\u2019Acronimo I.S.E.F. che qualificava in passato i professionisti del settore, cio\u00e8 Istituto Superiore Di Educazione Fisica.<\/p>\n<p>L\u2019 Evoluzione ha portato al corso di Studi Accademico in Scienze Motorie.<\/p>\n<p>Riprendiamo la parola Educazione.<\/p>\n<p>L\u2019 Etimologia fa riferimento al Tirare fuori ci\u00f2 che sta dentro.<\/p>\n<p>Dentro chi? Dentro di te.<\/p>\n<p>Scegli professionisti Certificati e Qualificati che ti possano accompagnare in questo iter di crescita e conoscenza di te stesso o te stessa.<\/p>\n<p>Sono importanti entrambi gli aspetti, le Certificazioni e l\u2019essere qualificati.<\/p>\n<p>\u00c8 un tuo sacrosanto diritto e dovere informarti su questi due punti.<\/p>\n<p>Affidati a persone esperte sia dal punto di vista teorico che da quello pratico.<\/p>\n<p>\u00c8 un atto d\u2019amor proprio perch\u00e9 si tratta di te e della tua salute.<\/p>\n<p>Stabilito questo, basati sulle tue sensazioni finali.<\/p>\n<p>Il professionista che hai davanti, appurata la sua professionalit\u00e0, ti ispira coerenza e fiducia?<\/p>\n<p>Se la risposta \u00e8 no lascia stare, se la risposta \u00e8 s\u00ec il tuo percorso per il tuo benessere pu\u00f2 cominciare.<\/p>\n<p>Come diceva Goethe \u201cSe avete fiducia in voi stessi, ispirate fiducia agli altri\u201d.<\/p>\n<p>Se un professionista ti ispira completamente \u00e8 uno che probabilmente ha fiducia in se stesso e conosce il proprio lavoro.<\/p>\n<p>Chi ben comincia \u00e8 a met\u00e0 dell\u2019opera. A.M.<\/p>\n<p>&nbsp;<\/p>\n","protected":false},"excerpt":{"rendered":"<p>Cagliari, 15 Apr 2018 &#8211; Che risultati vuoi ottenere quando decidi di iscriverti in palestra o avvalerti di un professionista nel settore del benessere? La&#8230;<\/p>\n","protected":false},"author":2,"featured_media":157766,"comment_status":"closed","ping_status":"closed","sticky":false,"template":"","format":"standard","meta":[],"categories":[49,51,56],"tags":[],"_links":{"self":[{"href":"https:\/\/www.cronacaonline.it\/index.php\/wp-json\/wp\/v2\/posts\/157765"}],"collection":[{"href":"https:\/\/www.cronacaonline.it\/index.php\/wp-json\/wp\/v2\/posts"}],"about":[{"href":"https:\/\/www.cronacaonline.it\/index.php\/wp-json\/wp\/v2\/types\/post"}],"author":[{"embeddable":true,"href":"https:\/\/www.cronacaonline.it\/index.php\/wp-json\/wp\/v2\/users\/2"}],"replies":[{"embeddable":true,"href":"https:\/\/www.cronacaonline.it\/index.php\/wp-json\/wp\/v2\/comments?post=157765"}],"version-history":[{"count":0,"href":"https:\/\/www.cronacaonline.it\/index.php\/wp-json\/wp\/v2\/posts\/157765\/revisions"}],"wp:featuredmedia":[{"embeddable":true,"href":"https:\/\/www.cronacaonline.it\/index.php\/wp-json\/wp\/v2\/media\/157766"}],"wp:attachment":[{"href":"https:\/\/www.cronacaonline.it\/index.php\/wp-json\/wp\/v2\/media?parent=157765"}],"wp:term":[{"taxonomy":"category","embeddable":true,"href":"https:\/\/www.cronacaonline.it\/index.php\/wp-json\/wp\/v2\/categories?post=157765"},{"taxonomy":"post_tag","embeddable":true,"href":"https:\/\/www.cronacaonline.it\/index.php\/wp-json\/wp\/v2\/tags?post=157765"}],"curies":[{"name":"wp","href":"https:\/\/api.w.org\/{rel}","templated":true}]}}