{"id":155859,"date":"2018-03-05T15:50:22","date_gmt":"2018-03-05T14:50:22","guid":{"rendered":"http:\/\/www.cronacaonline.it\/public\/content\/?p=155859"},"modified":"2018-03-05T15:50:22","modified_gmt":"2018-03-05T14:50:22","slug":"francesca-secci-vince-anche-in-versione-part-time-ai-campionati-italiani-invernali-della-federazione-italiana-nuoto-paralimpico","status":"publish","type":"post","link":"https:\/\/www.cronacaonline.it\/index.php\/2018\/03\/05\/francesca-secci-vince-anche-in-versione-part-time-ai-campionati-italiani-invernali-della-federazione-italiana-nuoto-paralimpico\/","title":{"rendered":"Francesca Secci vince anche in versione part time ai Campionati Italiani Invernali della Federazione Italiana Nuoto Paralimpico"},"content":{"rendered":"<p>Cagliari, 5 Mar 2018 - Eccellere in pi\u00f9 discipline \u00e8 un gran vanto per l\u2019Asd Sardegna Sport (Sa.Spo.) di Cagliari che grazie ad una seria propensione rivolta alle persone con disabilit\u00e0 fisica e mentale riesce a coinvolgerle nel migliore dei modi, con tutti i benefici che ne scaturiscono.<\/p>\n<p>Le ultime buone notizie arrivano dal settore nuoto che nello scorso fine settimana era impegnato a Brescia, in occasione dei Campionati Italiani Invernali Finpi (Federazione Italiana Nuoto Paralimpico), organizzati dalla Polisportiva Bresciana No Frontiere. La delegazione saspina, guidata dal consigliere Claudio Secci \u00e8 tornata nell\u2019isola con due medaglie d\u2019oro e due di bronzo. Dietro i preziosi metalli una splendida conferma, Francesca Secci, e un nome nuovo, Luigi Usai, alla sua prima apparizione ufficiale in una gara nazionale.<\/p>\n<p>L\u2019atleta originaria di Selargius, volto noto a livello internazionale per chi \u00e8 appassionato di competizioni in vasca, continua a sorprendere perch\u00e9 lo sport agonistico non \u00e8 pi\u00f9 una priorit\u00e0 nella sua vita che ora \u00e8 impostata pi\u00f9 sul fronte lavorativo (vedere intervista in basso). Rimane incredula dopo che al Palasystema ha primeggiato sia nei 200 misti, sia nei 400 sl della classe S09. E poi raccoglie anche il bronzo nei 400 open, gara particolare che assembla atleti paralimpici di diverse classi: vince chi si avvicina maggiormente al record mondiale della propria categoria di riferimento.<\/p>\n<p>Luigi Usai da Ozieri \u00e8 invece salito sul terzo gradino del podio dei 50 stile libero S03.<\/p>\n<p><img loading=\"lazy\" class=\"alignnone size-medium wp-image-155864 alignleft\" src=\"http:\/\/www.cronacaonline.it\/public\/content\/wp-content\/uploads\/2018\/03\/a-dx-Luigi-Usai-nel-corso-della-premiazione-300x169.jpeg\" alt=\"a dx Luigi Usai nel corso della premiazione\" width=\"300\" height=\"169\" \/>Molto soddisfatto \u00e8 apparso Claudio Secci, che oltre ad essere il pap\u00e0 di Francesca, ha fatto anche le veci dell\u2019allenatore Toni Satta, impossibilitato a partire.<\/p>\n<p>Inutile negare che la prima uscita natatoria Sa.Spo.del 2018 sia cominciata sotto buoni auspici. \u201cCon l\u2019esperienza acquisita sulle piscine di tutto il mondo in questi anni \u2013 ha aggiunto Secci - Francesca ha superato certe ansie da prestazione, mentre Luigi era molto emozionato, essendo la prima volta che si immergeva in un contesto di rilievo. Non ci stuferemo mai di dire che fare sport \u00e8 molto importante per una persona con disabilit\u00e0\u201d. Alla competizione lombarda avrebbero dovuto partecipare altre due atlete isolane: l\u2019orgolese Giovanna Corraine e la monserratina Emanuela Oppo Porcu ma gli impegni elettorali non hanno consentito loro di affacciarsi a questa importante vetrina nazionale.<\/p>\n<p>Il prossimo appuntamento da non perdere saranno i Campionati Regionali FINPI che si svolgeranno a Cagliari il 17 e il 18 marzo. Ma gli allenamenti continuano anche sul fronte nuoto Fisdir (Federazione Italiana Sport Paralimpici e Sperimentali) presso le piscine cagliaritane di Viale Diaz e Terramaini.<\/p>\n","protected":false},"excerpt":{"rendered":"<p>Cagliari, 5 Mar 2018 &#8211; Eccellere in pi\u00f9 discipline \u00e8 un gran vanto per l\u2019Asd Sardegna Sport (Sa.Spo.) di Cagliari che grazie ad una seria&#8230;<\/p>\n","protected":false},"author":2,"featured_media":155863,"comment_status":"closed","ping_status":"closed","sticky":false,"template":"","format":"standard","meta":[],"categories":[49,51,56],"tags":[],"_links":{"self":[{"href":"https:\/\/www.cronacaonline.it\/index.php\/wp-json\/wp\/v2\/posts\/155859"}],"collection":[{"href":"https:\/\/www.cronacaonline.it\/index.php\/wp-json\/wp\/v2\/posts"}],"about":[{"href":"https:\/\/www.cronacaonline.it\/index.php\/wp-json\/wp\/v2\/types\/post"}],"author":[{"embeddable":true,"href":"https:\/\/www.cronacaonline.it\/index.php\/wp-json\/wp\/v2\/users\/2"}],"replies":[{"embeddable":true,"href":"https:\/\/www.cronacaonline.it\/index.php\/wp-json\/wp\/v2\/comments?post=155859"}],"version-history":[{"count":0,"href":"https:\/\/www.cronacaonline.it\/index.php\/wp-json\/wp\/v2\/posts\/155859\/revisions"}],"wp:featuredmedia":[{"embeddable":true,"href":"https:\/\/www.cronacaonline.it\/index.php\/wp-json\/wp\/v2\/media\/155863"}],"wp:attachment":[{"href":"https:\/\/www.cronacaonline.it\/index.php\/wp-json\/wp\/v2\/media?parent=155859"}],"wp:term":[{"taxonomy":"category","embeddable":true,"href":"https:\/\/www.cronacaonline.it\/index.php\/wp-json\/wp\/v2\/categories?post=155859"},{"taxonomy":"post_tag","embeddable":true,"href":"https:\/\/www.cronacaonline.it\/index.php\/wp-json\/wp\/v2\/tags?post=155859"}],"curies":[{"name":"wp","href":"https:\/\/api.w.org\/{rel}","templated":true}]}}