{"id":155834,"date":"2018-03-04T12:42:00","date_gmt":"2018-03-04T11:42:00","guid":{"rendered":"http:\/\/www.cronacaonline.it\/public\/content\/?p=155834"},"modified":"2018-03-04T12:42:00","modified_gmt":"2018-03-04T11:42:00","slug":"calcio-udine-trovato-morto-in-una-stanza-dalbergo-il-capitano-della-fiorentina-davide-astori","status":"publish","type":"post","link":"https:\/\/www.cronacaonline.it\/index.php\/2018\/03\/04\/calcio-udine-trovato-morto-in-una-stanza-dalbergo-il-capitano-della-fiorentina-davide-astori\/","title":{"rendered":"Calcio &#8211; Udine, trovato morto in una stanza d&#8217;albergo il capitano della Fiorentina Davide Astori"},"content":{"rendered":"<p>Udine, 4 Mar 2018 - \u00c8 morto stanotte a Udine per un malore con arresto cardiocircolatorio il capitano della Fiorentina Davide Astori. Secondo quanto si \u00e8 appreso, il giocatore era in un albergo di Udine con la squadra, dove oggi doveva disputare il match del campionato di Serie A contro la squadra friulana.<\/p>\n<p>Il difensore giocava con la squadra viola dal 2015, dopo aver militato tra le altre con Cagliari e Roma. Aveva totalizzato anche 14 presenze con la nazionale maggiore. La gara prevista per questo pomeriggio alle 15 tra Udinese e Fiorentina non si giocher\u00e0 in segno di lutto. Il rinvio \u00e8 stato deciso dal commissario della Lega di serie A, Giovanni Malag\u00f2.\u00a0Anche Genoa-Cagliari, in programma alle 12.30, non si giocher\u00e0 per la morte di Astori, che ha indossato a lungo la maglia della squadra sarda. I giocatori del Cagliari, sconvolti, hanno ottenuto infatti da Malag\u00f2 il rinvio della gara: lungo e commosso applauso dello stadio di Marassi all'annuncio del rinvio. Il Segretario del Partito democratico, Matteo Renzi, tifoso della squadra viola, ha scritto su Twitter \"mi sembra impossibile. Sono incredulo e piango con la sua famiglia e con tutta la Fiorentina. Ciao Capitano\".<\/p>\n","protected":false},"excerpt":{"rendered":"<p>Udine, 4 Mar 2018 &#8211; \u00c8 morto stanotte a Udine per un malore con arresto cardiocircolatorio il capitano della Fiorentina Davide Astori. Secondo quanto si&#8230;<\/p>\n","protected":false},"author":2,"featured_media":155835,"comment_status":"closed","ping_status":"closed","sticky":false,"template":"","format":"standard","meta":[],"categories":[49,51,56],"tags":[],"_links":{"self":[{"href":"https:\/\/www.cronacaonline.it\/index.php\/wp-json\/wp\/v2\/posts\/155834"}],"collection":[{"href":"https:\/\/www.cronacaonline.it\/index.php\/wp-json\/wp\/v2\/posts"}],"about":[{"href":"https:\/\/www.cronacaonline.it\/index.php\/wp-json\/wp\/v2\/types\/post"}],"author":[{"embeddable":true,"href":"https:\/\/www.cronacaonline.it\/index.php\/wp-json\/wp\/v2\/users\/2"}],"replies":[{"embeddable":true,"href":"https:\/\/www.cronacaonline.it\/index.php\/wp-json\/wp\/v2\/comments?post=155834"}],"version-history":[{"count":0,"href":"https:\/\/www.cronacaonline.it\/index.php\/wp-json\/wp\/v2\/posts\/155834\/revisions"}],"wp:featuredmedia":[{"embeddable":true,"href":"https:\/\/www.cronacaonline.it\/index.php\/wp-json\/wp\/v2\/media\/155835"}],"wp:attachment":[{"href":"https:\/\/www.cronacaonline.it\/index.php\/wp-json\/wp\/v2\/media?parent=155834"}],"wp:term":[{"taxonomy":"category","embeddable":true,"href":"https:\/\/www.cronacaonline.it\/index.php\/wp-json\/wp\/v2\/categories?post=155834"},{"taxonomy":"post_tag","embeddable":true,"href":"https:\/\/www.cronacaonline.it\/index.php\/wp-json\/wp\/v2\/tags?post=155834"}],"curies":[{"name":"wp","href":"https:\/\/api.w.org\/{rel}","templated":true}]}}