{"id":155220,"date":"2018-02-21T09:48:10","date_gmt":"2018-02-21T08:48:10","guid":{"rendered":"http:\/\/www.cronacaonline.it\/public\/content\/?p=155220"},"modified":"2018-02-21T09:48:10","modified_gmt":"2018-02-21T08:48:10","slug":"il-triathlon-sardo-riparte-da-berchidda","status":"publish","type":"post","link":"https:\/\/www.cronacaonline.it\/index.php\/2018\/02\/21\/il-triathlon-sardo-riparte-da-berchidda\/","title":{"rendered":"Il Triathlon sardo riparte da Berchidda"},"content":{"rendered":"<p>Cagliari, 21 Feb 2018 - L'ottima gara di Berchidda di domenica ha rappresentato una triplice ripartenza: innanzitutto riparte il calendario di gare 2018 dopo la pausa di 3 mesi. Secondo: con questo duathlon cross si apre il circuito\u00a0<a href=\"https:\/\/fitri.us12.list-manage.com\/track\/click?u=b30062e31a815392859b47963&amp;id=7dda6780a8&amp;e=a9fda7d495\">\"Coppa Sardegna\"<\/a>\u00a0e, infine, di pari importanza, esordisce il circuito giovanile\u00a0<a href=\"https:\/\/fitri.us12.list-manage.com\/track\/click?u=b30062e31a815392859b47963&amp;id=6fdc338097&amp;e=a9fda7d495\">\"Pizzinos\"<\/a>\u00a0dedicato ai pi\u00f9 giovani.<br \/>\nE proprio partendo da quest'ultimo aspetto, il circuito\u00a0<a href=\"https:\/\/fitri.us12.list-manage.com\/track\/click?u=b30062e31a815392859b47963&amp;id=65152ef656&amp;e=a9fda7d495\">\"Pizzinos\"<\/a>, si deve riconoscere alla gara di Berchidda la capacit\u00e0 di aver coinvolto pi\u00f9 di 70 giovani atleti a rappresentare diverse realt\u00e0 sportive isolane. Anche numericamente i piccoli atleti sono stati quasi la met\u00e0 di tutti gli atleti coinvolti nel Duathlon \"Sentieri del Limbara\".<\/p>\n<p>Coppa Sardegna - La gara assoluta (3,2 km corsa - 15 km bici mtb e 1,5 km corsa finale) ha goduto dello scenario incantevole del centro storico di Berchidda con il suo intricatissimo dedalo di sentieri e stradine e il passaggio dentro una casa storica del paese. \"Siamo voluti tornare in centro storico per godere del fascino del paese e l'abbraccio dei suoi abitanti che vogliamo ancora una volta ringraziare -\u00a0dice Francesco Manconi ideatore dell'evento\u00a0- vicoli, piazze e scale del paese e pure il sentiero storico che \u00e8 stato scenario del Time In Jazz di Paolo Fresu\".<br \/>\nIl podio maschile premia un determinatissimo Emanuele Aru (Villacidro Triathlon), protagonista nella frazione di mtb davanti all'esordiente e promettente Jay Cudoni (Olbia Nuoto) e al giovanissimo Francesco Podda (Fuel Triathlon). In campo femminile il podio \u00e8 stato conquistato da Ilaria Maria Marras (Tri Nuoro) che lascia dietro la generosa Giorgia Mura (Tri Sinnai) e la combattente Tatiana Ferrari (Blue Tribune).<\/p>\n<p>laria Marras, campionessa regionale duathlon cross\u00a0- dovevo esordire ad aprile al Memorial Luca<\/p>\n<p>Circuito Giovanile \u201cPizzinos\u201dIl prossimo appuntamento con il triathlon e la\u00a0<a href=\"https:\/\/fitri.us12.list-manage.com\/track\/click?u=b30062e31a815392859b47963&amp;id=1059f41b7c&amp;e=a9fda7d495\">Coppa Sardegna<\/a>\u00a0\u00e8 per domenica 25 marzo al\u00a0<a href=\"https:\/\/fitri.us12.list-manage.com\/track\/click?u=b30062e31a815392859b47963&amp;id=6efb5277db&amp;e=a9fda7d495\">Duathlon Citt\u00e0 di Cagliari<\/a>\u00a0- campionato regionale di Duathlon Sprint. Com<\/p>\n<p>&nbsp;<\/p>\n","protected":false},"excerpt":{"rendered":"<p>Cagliari, 21 Feb 2018 &#8211; L&#8217;ottima gara di Berchidda di domenica ha rappresentato una triplice ripartenza: innanzitutto riparte il calendario di gare 2018 dopo la&#8230;<\/p>\n","protected":false},"author":2,"featured_media":155221,"comment_status":"closed","ping_status":"closed","sticky":false,"template":"","format":"standard","meta":[],"categories":[49,51,56],"tags":[],"_links":{"self":[{"href":"https:\/\/www.cronacaonline.it\/index.php\/wp-json\/wp\/v2\/posts\/155220"}],"collection":[{"href":"https:\/\/www.cronacaonline.it\/index.php\/wp-json\/wp\/v2\/posts"}],"about":[{"href":"https:\/\/www.cronacaonline.it\/index.php\/wp-json\/wp\/v2\/types\/post"}],"author":[{"embeddable":true,"href":"https:\/\/www.cronacaonline.it\/index.php\/wp-json\/wp\/v2\/users\/2"}],"replies":[{"embeddable":true,"href":"https:\/\/www.cronacaonline.it\/index.php\/wp-json\/wp\/v2\/comments?post=155220"}],"version-history":[{"count":0,"href":"https:\/\/www.cronacaonline.it\/index.php\/wp-json\/wp\/v2\/posts\/155220\/revisions"}],"wp:featuredmedia":[{"embeddable":true,"href":"https:\/\/www.cronacaonline.it\/index.php\/wp-json\/wp\/v2\/media\/155221"}],"wp:attachment":[{"href":"https:\/\/www.cronacaonline.it\/index.php\/wp-json\/wp\/v2\/media?parent=155220"}],"wp:term":[{"taxonomy":"category","embeddable":true,"href":"https:\/\/www.cronacaonline.it\/index.php\/wp-json\/wp\/v2\/categories?post=155220"},{"taxonomy":"post_tag","embeddable":true,"href":"https:\/\/www.cronacaonline.it\/index.php\/wp-json\/wp\/v2\/tags?post=155220"}],"curies":[{"name":"wp","href":"https:\/\/api.w.org\/{rel}","templated":true}]}}