{"id":153304,"date":"2018-01-10T18:55:40","date_gmt":"2018-01-10T17:55:40","guid":{"rendered":"http:\/\/www.cronacaonline.it\/public\/content\/?p=153304"},"modified":"2018-01-10T18:55:40","modified_gmt":"2018-01-10T17:55:40","slug":"fuga-da-via-pigafetta-di-e-con-paolo-hendel-regia-gioele-dix","status":"publish","type":"post","link":"https:\/\/www.cronacaonline.it\/index.php\/2018\/01\/10\/fuga-da-via-pigafetta-di-e-con-paolo-hendel-regia-gioele-dix\/","title":{"rendered":"Fuga da Via Pigafetta di e con Paolo Hendel, regia Gioele Dix."},"content":{"rendered":"<p>Cagliari, 10 Gen 2017 - La vis comica di Paolo Hendel per un ideale viaggio nel tempo, tra prefigurazioni di catastrofi ambientali e l'invadenza delle macchine alla fine del ventunesimo secolo con \u201cFuga da Via Pigafetta\u201d, l'inedita pi\u00e8ce scritta (insieme con Marco Vicari e Gioele Dix - che firma anche la regia) e interpretata dall'attore fiorentino insieme con Matilde Pietrangelo.<\/p>\n<p>Una commedia dolceamara sulle conseguenze del progresso nella vita quotidiana \u2013 dall'inquinamento al ricambio degli organi, dalle evoluzioni del gusto agli ultimi modelli di smartphone fin troppo \u201cinterattivi\u201d - per una riflessione sul presente e sugli effetti a lungo termine di uno sconsiderato consumo di risorse, dal famigerato effetto serra ai cambiamenti climatici fino all'irreversibile trasformazione della Terra in un pianeta inabitabile.<\/p>\n<p>In tourn\u00e9e nell'Isola sotto le insegne del CeDAC, per la Stagione di Prosa 2017-18 nell'ambito del Circuito Multidisciplinare dello Spettacolo in Sardegna, \u201cFuga da Via Pigafetta\u201d debutter\u00e0 in prima regionale venerd\u00ec 12 gennaio alle 21 al CineTeatro \"Olbia\" di Olbia, per approdare sabato 13 gennaio alle 21 al Teatro San Bartolomeo di Meana Sardo e infine domenica 14 gennaio alle 21 nel Padiglione Tamuli delle ex Caserme Mura di Macomer.<\/p>\n<p>L'apparizione improvvisa della figlia, che per trovare un lavoro era stata costretta a emigrare fin su Marte - \u00abQuando si dice \"la fuga dei cervelli\"!\u00bb commenta Paolo Hendel - spezza gli equilibri ed interrompe la illusoria pace interiore, risvegliando antichi ricordi e suscitando emozioni contrastanti secondo una dinamica gi\u00e0 sperimentata durante i secoli nei rapporti, o pi\u00f9 spesso negli scontri, generazionali. Visioni del mondo differenti se non antitetiche, una diversa percezione della realt\u00e0 in base alle esperienze, alle competenze e alla sensibilit\u00e0 individuale creano un attrito e a volte ferite insanabili ma grazie all'affetto diventa pi\u00f9 facile superare gli ostacoli per giungere ad una reciproca comprensione, ad una maggiore indulgenza.<\/p>\n<p>La giovane pioniera di ritorno dal \u201cpianeta rosso\u201d porter\u00e0 con s\u00e9 insieme all'energia e alla vivacit\u00e0 proprie della sua et\u00e0, una ventata di novit\u00e0 e una proposta capace di cambiare il corso degli eventi ed aprire nuovi scenari davanti agli occhi del protagonista, il quale nel corso degli anni si \u00e8 trovato spesso nei guai per il suo carattere \u201cfumantino\u201d, la sua rapidit\u00e0 nel \u201cprendere fuoco\u201d e reagire alla minima provocazione. La visita inattesa \u2013 e preziosa \u2013 della figlia ormai divenuta una \u201cmarziana\u201d produrr\u00e0 benefici cambiamenti, rompendo la routine fatta di continui litigi con il computer, una sorta di alter ego virtuale che pretenderebbe di governare la sua vita, per dare spazio alla tenerezza. Un singolare ritratto di famiglia \u201cfutura\u201d - da cui accanto agli aspetti meramente pratici, fortemente influenzati dalle avveniristiche tecnologie e dalle recenti scoperte e invenzioni, emergono i sentimenti contraddittori che uniscono padre e figlia, secondo un modello ormai classico che vede da un lato le aspirazioni dei genitori, dall'altro la legittima istanza dei giovani a realizzare i propri sogni e seguire le proprie inclinazioni, tra amore e rispetto, naturale sollecitudine e ansia di libert\u00e0.<\/p>\n<p>\u00abQuesto spettacolo si riallaccia a \u201cVia Antonio Pigafetta Navigatore\u201d, il mio spettacolo del 1981\u00bb - spiega Paolo Hendel - \u00abMi sembra che da allora le cose siano cambiate in peggio. Oggi c'\u00e8 una grande sfiducia nel cambiamento e una irresistibile tentazione a prendere le scorciatoie illudendosi che \"l'uomo forte\" di turno possa risolvere sbrigativamente i problemi con i facili slogan e con la demagogia\u00bb.<\/p>\n<p>Su una Terra non pi\u00f9 a misura d'uomo, in un'Italia del 2080, l'eroe della storia si muove tra le rovine della civilt\u00e0 occidentale, in un \u201cfuturo non apocalittico\u201d, ma neppure troppo rassicurante, specchio delle trasformazioni culturali e sociali dovute all'avvento di strumenti sempre pi\u00f9 avanzati \u2013 gi\u00e0 ora viviamo immersi in una \u201crealt\u00e0 aumentata\u201d in cui \u00e8 difficile stabilire il confine tra il bionico e il biologico,\u00a0 ci nutriamo di prodotti OGM -\u00a0 organismi geneticamente modificati \u2013 e si assiste ad uno sviluppo vertiginoso delle intelligenze artificiali con tutte le inerenti\u00a0 questioni etiche e morali.<\/p>\n<p>\u00ab\u201cFuga da Via Pigafetta\u201d \u00e8 uno spettacolo molto divertente \u2013 promette\u00a0 Gioele Dix, che ha curato la regia: \u00absi ride di proiezioni e previsioni sul futuro alimentare (si mangeranno cavallette, scorpioni e stracchino fatto con latte di pantegana a chilometro zero), sulle nuove frontiere della scienza (ogni casa sar\u00e0 dotata di microserre per la coltivazione di organi umani di ricambio), sulle involuzioni della tecnologia (che arriver\u00e0 a inventare lo smartphone sottocutaneo che si accende a schiaffi). E sul conto da pagare per colpa di certe follie del nostro presente: non ci sar\u00e0 pi\u00f9 acqua (ci si laver\u00e0 solo con solventi chimici, con bizzarri effetti collaterali come i testicoli lampeggianti), ci si nutrir\u00e0 di cibi prevalentemente sintetici, si partir\u00e0 per colonizzare Marte (ma per renderla abitabile bisogner\u00e0 \"terraformarla\", ovvero renderla simile alla Terra ricreando anche sul pianeta rosso l'effetto serra)\u00bb.<\/p>\n<p>\u00ab\u201cFuga da via Pigafetta\u201d rivela un Hendel diverso, inatteso, specie nelle pieghe \u201csentimentali\u201d del rapporto con la figlia Carlotta, interpretata dalla giovanissima Matilde Pietrangelo\u00bb prosegue il regista milanese. \u00abE lo spettatore ritrover\u00e0 anche l'Hendel delle origini, con quei guizzi surreali che l'hanno reso noto e speciale. Non \u00e8 un caso che nel titolo rievochiamo il suo spettacolo di esordio nel quale, con grande anticipo sui tempi, Paolo ironizzava sulle derive dell\u2019ossessione per l\u2019immagine e perci\u00f2 si sdoppiava, dialogando e litigando con la propria immagine trasmessa da un monitor.\u00bb Com<\/p>\n","protected":false},"excerpt":{"rendered":"<p>Cagliari, 10 Gen 2017 &#8211; La vis comica di Paolo Hendel per un ideale viaggio nel tempo, tra prefigurazioni di catastrofi ambientali e l&#8217;invadenza delle&#8230;<\/p>\n","protected":false},"author":2,"featured_media":153305,"comment_status":"closed","ping_status":"closed","sticky":false,"template":"","format":"standard","meta":[],"categories":[49,51,54],"tags":[],"_links":{"self":[{"href":"https:\/\/www.cronacaonline.it\/index.php\/wp-json\/wp\/v2\/posts\/153304"}],"collection":[{"href":"https:\/\/www.cronacaonline.it\/index.php\/wp-json\/wp\/v2\/posts"}],"about":[{"href":"https:\/\/www.cronacaonline.it\/index.php\/wp-json\/wp\/v2\/types\/post"}],"author":[{"embeddable":true,"href":"https:\/\/www.cronacaonline.it\/index.php\/wp-json\/wp\/v2\/users\/2"}],"replies":[{"embeddable":true,"href":"https:\/\/www.cronacaonline.it\/index.php\/wp-json\/wp\/v2\/comments?post=153304"}],"version-history":[{"count":0,"href":"https:\/\/www.cronacaonline.it\/index.php\/wp-json\/wp\/v2\/posts\/153304\/revisions"}],"wp:featuredmedia":[{"embeddable":true,"href":"https:\/\/www.cronacaonline.it\/index.php\/wp-json\/wp\/v2\/media\/153305"}],"wp:attachment":[{"href":"https:\/\/www.cronacaonline.it\/index.php\/wp-json\/wp\/v2\/media?parent=153304"}],"wp:term":[{"taxonomy":"category","embeddable":true,"href":"https:\/\/www.cronacaonline.it\/index.php\/wp-json\/wp\/v2\/categories?post=153304"},{"taxonomy":"post_tag","embeddable":true,"href":"https:\/\/www.cronacaonline.it\/index.php\/wp-json\/wp\/v2\/tags?post=153304"}],"curies":[{"name":"wp","href":"https:\/\/api.w.org\/{rel}","templated":true}]}}