{"id":153259,"date":"2018-01-10T12:28:42","date_gmt":"2018-01-10T11:28:42","guid":{"rendered":"http:\/\/www.cronacaonline.it\/public\/content\/?p=153259"},"modified":"2018-01-10T12:28:42","modified_gmt":"2018-01-10T11:28:42","slug":"sono-iniziate-le-conferme-degli-abbonamenti-per-la-stagione-concertistica-lirica-e-di-balletto-2018","status":"publish","type":"post","link":"https:\/\/www.cronacaonline.it\/index.php\/2018\/01\/10\/sono-iniziate-le-conferme-degli-abbonamenti-per-la-stagione-concertistica-lirica-e-di-balletto-2018\/","title":{"rendered":"Sono iniziate le conferme degli abbonamenti per la Stagione concertistica, lirica e di balletto 2018"},"content":{"rendered":"<p>Cagliari, 10 Gen 2018 - La campagna abbonamenti per l\u2019ormai imminente Stagione concertistica 2018 del Teatro Lirico di Cagliari, \u00e8 iniziata, da mercoled\u00ec 20 dicembre, per tutti gli abbonati, con le conferme e variazioni su posti disponibili, possibili fino a gioved\u00ec 18 gennaio.<\/p>\n<p>La Stagione concertistica 2018 prevede due turni di abbonamento, i turni A e B, per 13 concerti ciascuno.<\/p>\n<p>Anche la campagna abbonamenti per la Stagione lirica e di balletto 2018 si \u00e8 aperta luned\u00ec 8 gennaio con le conferme e variazioni su posti disponibili possibili fino a gioved\u00ec 15 febbraio.<\/p>\n<p>La Stagione lirica e di balletto 2018 prevede gli ormai consueti otto turni di abbonamento (A, B, C, D, E, F, G, I), per sei serate di lirica (otto titoli) ciascuno e il balletto.<\/p>\n<p>Come ormai consuetudine i posti in teatro sono identificati per ordine (platea, prima e seconda loggia) e per settore (giallo, rosso e blu). Ad ogni settore corrisponde un prezzo, secondo il diverso valore dei posti.<\/p>\n<p>Prezzi abbonamenti concertistica: platea \u20ac 235,00 (settore giallo), \u20ac 215,00 (settore rosso), \u20ac 170,00 (settore blu); I loggia \u20ac 200,00 (settore giallo), \u20ac 170,00 (settore rosso), \u20ac 130,00 (settore blu); II loggia \u20ac 65,00 (settore giallo), \u20ac 65,00 (settore rosso), \u20ac 45,00 (settore blu).<\/p>\n<p>Prezzi abbonamenti lirica e balletto: platea da \u20ac 270,00 a \u20ac 220,00 (settore giallo), da \u20ac 240,00 a \u20ac 200,00 (settore rosso), da \u20ac 210,00 a \u20ac 165,00 (settore blu); I loggia da \u20ac 230,00 a \u20ac 170,00 (settore giallo), da \u20ac 195,00 a \u20ac 145,00 (settore rosso), da \u20ac 170,00 a \u20ac 125,00 (settore blu); II loggia da \u20ac 140,00 a \u20ac 110,00 (settore giallo), da \u20ac 120,00 a \u20ac 90,00 (settore rosso), da \u20ac 95,00 a \u20ac 65,00 (settore blu).<\/p>\n<p>Ai giovani under 30 sono applicate riduzioni del 50% sull\u2019acquisto di abbonamenti e biglietti. Ulteriori agevolazioni sono previste per gruppi organizzati.<\/p>\n<p>La Direzione si riserva di apportare al programma le modifiche che si rendessero necessarie per esigenze tecniche o per cause di forza maggiore. Eventuali modifiche al cartellone saranno indicate nel sito internet del teatro www.teatroliricodicagliari.it.<\/p>\n<p>La Biglietteria del Teatro Lirico \u00e8 aperta dal luned\u00ec al venerd\u00ec dalle 9 alle 13 e dalle 16 alle 20, il sabato dalle 9 alle 13 e nell\u2019ora precedente l\u2019inizio dello spettacolo. I giorni festivi solo nell\u2019ora precedente l\u2019inizio dello spettacolo.<\/p>\n","protected":false},"excerpt":{"rendered":"<p>Cagliari, 10 Gen 2018 &#8211; La campagna abbonamenti per l\u2019ormai imminente Stagione concertistica 2018 del Teatro Lirico di Cagliari, \u00e8 iniziata, da mercoled\u00ec 20 dicembre,&#8230;<\/p>\n","protected":false},"author":2,"featured_media":2172,"comment_status":"closed","ping_status":"closed","sticky":false,"template":"","format":"standard","meta":[],"categories":[49,51,54],"tags":[],"_links":{"self":[{"href":"https:\/\/www.cronacaonline.it\/index.php\/wp-json\/wp\/v2\/posts\/153259"}],"collection":[{"href":"https:\/\/www.cronacaonline.it\/index.php\/wp-json\/wp\/v2\/posts"}],"about":[{"href":"https:\/\/www.cronacaonline.it\/index.php\/wp-json\/wp\/v2\/types\/post"}],"author":[{"embeddable":true,"href":"https:\/\/www.cronacaonline.it\/index.php\/wp-json\/wp\/v2\/users\/2"}],"replies":[{"embeddable":true,"href":"https:\/\/www.cronacaonline.it\/index.php\/wp-json\/wp\/v2\/comments?post=153259"}],"version-history":[{"count":0,"href":"https:\/\/www.cronacaonline.it\/index.php\/wp-json\/wp\/v2\/posts\/153259\/revisions"}],"wp:featuredmedia":[{"embeddable":true,"href":"https:\/\/www.cronacaonline.it\/index.php\/wp-json\/wp\/v2\/media\/2172"}],"wp:attachment":[{"href":"https:\/\/www.cronacaonline.it\/index.php\/wp-json\/wp\/v2\/media?parent=153259"}],"wp:term":[{"taxonomy":"category","embeddable":true,"href":"https:\/\/www.cronacaonline.it\/index.php\/wp-json\/wp\/v2\/categories?post=153259"},{"taxonomy":"post_tag","embeddable":true,"href":"https:\/\/www.cronacaonline.it\/index.php\/wp-json\/wp\/v2\/tags?post=153259"}],"curies":[{"name":"wp","href":"https:\/\/api.w.org\/{rel}","templated":true}]}}