{"id":150332,"date":"2017-10-31T11:07:02","date_gmt":"2017-10-31T10:07:02","guid":{"rendered":"http:\/\/www.cronacaonline.it\/public\/content\/?p=150332"},"modified":"2017-10-31T11:07:02","modified_gmt":"2017-10-31T10:07:02","slug":"lavoro-istat-disoccupazione-stabile-all111-sale-ancora-quella-giovanile-357","status":"publish","type":"post","link":"https:\/\/www.cronacaonline.it\/index.php\/2017\/10\/31\/lavoro-istat-disoccupazione-stabile-all111-sale-ancora-quella-giovanile-357\/","title":{"rendered":"Lavoro. Istat: disoccupazione stabile all&#8217;11,1%. Sale ancora quella giovanile: +35,7%"},"content":{"rendered":"<p>Roma, 31 Ott 2017 - Il tasso di\u00a0disoccupazione si attesta all'11,1% a settembre, invariato\u00a0rispetto ad agosto. Lo comunica l'Istat, spiegando che dopo\u00a0il calo di agosto (-1,5%), la stima delle persone in cerca di\u00a0occupazione a settembre cala ancora dello 0,2% (-5 mila). La\u00a0diminuzione della disoccupazione \u00e8 determinata dalla\u00a0componente maschile e dagli over 35, mentre si osserva un\u00a0aumento tra le donne e i 15-34enni.<\/p>\n<p>A settembre la stima degli inattivi tra i 15 e i 64 anni\u00a0cresce dello 0,2% (+25 mila) interrompendo l'andamento\u00a0tendenzialmente in calo registrato nei mesi precedenti.\u00a0L'aumento \u00e8 determinato dagli uomini e dai 15-34enni, a\u00a0fronte di una sostanziale stabilit\u00e0 tra le donne e di un\u00a0calo tra gli over 35. Il tasso di inattivit\u00e0 sale al 34,4%\u00a0(+0,1 punti).\u00a0Dopo il calo di agosto (-1,5%), la\u00a0stima delle persone in cerca di occupazione a settembre scende\u00a0ancora dello 0,2% (-5mila). La diminuzione della disoccupazione \u00e8\u00a0determinata dalla componente maschile e dagli over 35,\u00a0mentre si osserva un aumento tra le donne e i 15-34enni.<\/p>\n<p>In particolare, spiega l'Istat, il tasso di disoccupazione\u00a0cala su base annua per le persone da 15 a 49 anni, con\u00a0variazioni comprese tra -0,8 punti percentuali per i 35-49enni\u00a0e -1,2 punti per i 15-24enni, mentre aumenta di 0,3 punti per\u00a0gli ultracinquantenni. Anche al netto dell'effetto della\u00a0componente demografica, l'incidenza dei disoccupati sulla\u00a0popolazione \u00e8 in calo su base annua tra i 15-49enni mentre \u00e8\u00a0in crescita tra gli over 50.<\/p>\n<p>Il tasso di inattivit\u00e0 cresce nell'ultimo anno tra i\u00a015-24enni (+0,3 punti), cala tra i 25-34enni (-0,3 punti) e gli\u00a0over 50 (-1,4 punti), mentre rimane stabile tra i 35-49enni.\u00a0Il calo della popolazione tra 15 e 49 anni influisce sulla\u00a0variazione annua dell'inattivit\u00e0 amplificandone il calo. Al\u00a0contrario la crescita della popolazione degli ultracinquantenni\u00a0attenua la variazione negativa dell'inattivit\u00e0 in questa\u00a0classe di et\u00e0.<\/p>\n<p>Dall'inizio dell'anno, c'\u00e8 una novit\u00e0\u00a0per quanto riguarda il mercato del lavoro: sono in calo i posti\u00a0'fissi'. L'Istat rileva che sono in calo di 17 mila unit\u00e0, a\u00a0settembre, i lavoratori dipendenti e tra questi in particolare\u00a0quelli permanenti.\u00a0Se si considera il trimestre, l'andamento viene confermato:\u00a0l'occupazione s\u00ec cresce, ma quasi esclusivamente per i\u00a0contratti a termine (+103 mila) perch\u00e9 quelli permanenti sono\u00a0aumentati solo di 6 mila unit\u00e0.\u00a0Anche su base annua la crescita dei lavoratori dipendenti\u00a0(+387 mila) riguarda pi\u00f9 quelli a termine: il rialzo in questo\u00a0caso \u00e8 del 14,8% (+361 mila) contro i lavoratori permanenti,\u00a0saliti solo dello 0,2% (+26 mila).<\/p>\n<p>A settembre il tasso di disoccupazione dei 15-24enni,\u00a0cio\u00e8 la quota di giovani disoccupati sul totale di quelli occupati e\u00a0disoccupati, \u00e8 pari al 35,7%, in aumento di 0,6 punti percentuali rispetto al\u00a0mese precedente, anche se in calo di 1,2 punti su base annua. Lo riferisce\u00a0l'Istat. L'incidenza dei giovani disoccupati tra 15 e 24 anni sul totale dei\u00a0giovani della stessa classe di et\u00e0 \u00e8 invece pari al 9,4%, cio\u00e8 poco meno di\u00a0un giovane su 10 \u00e8 disoccupato. Questa incidenza \u00e8 invariata rispetto ad\u00a0agosto. Il tasso di occupazione dei 15-24enni cala di 0,4 punti, mentre quello\u00a0di inattivit\u00e0 cresce di 0,4 punti.<\/p>\n","protected":false},"excerpt":{"rendered":"<p>Roma, 31 Ott 2017 &#8211; Il tasso di\u00a0disoccupazione si attesta all&#8217;11,1% a settembre, invariato\u00a0rispetto ad agosto. Lo comunica l&#8217;Istat, spiegando che dopo\u00a0il calo di agosto&#8230;<\/p>\n","protected":false},"author":2,"featured_media":1884,"comment_status":"closed","ping_status":"closed","sticky":false,"template":"","format":"standard","meta":[],"categories":[49,51],"tags":[],"_links":{"self":[{"href":"https:\/\/www.cronacaonline.it\/index.php\/wp-json\/wp\/v2\/posts\/150332"}],"collection":[{"href":"https:\/\/www.cronacaonline.it\/index.php\/wp-json\/wp\/v2\/posts"}],"about":[{"href":"https:\/\/www.cronacaonline.it\/index.php\/wp-json\/wp\/v2\/types\/post"}],"author":[{"embeddable":true,"href":"https:\/\/www.cronacaonline.it\/index.php\/wp-json\/wp\/v2\/users\/2"}],"replies":[{"embeddable":true,"href":"https:\/\/www.cronacaonline.it\/index.php\/wp-json\/wp\/v2\/comments?post=150332"}],"version-history":[{"count":0,"href":"https:\/\/www.cronacaonline.it\/index.php\/wp-json\/wp\/v2\/posts\/150332\/revisions"}],"wp:featuredmedia":[{"embeddable":true,"href":"https:\/\/www.cronacaonline.it\/index.php\/wp-json\/wp\/v2\/media\/1884"}],"wp:attachment":[{"href":"https:\/\/www.cronacaonline.it\/index.php\/wp-json\/wp\/v2\/media?parent=150332"}],"wp:term":[{"taxonomy":"category","embeddable":true,"href":"https:\/\/www.cronacaonline.it\/index.php\/wp-json\/wp\/v2\/categories?post=150332"},{"taxonomy":"post_tag","embeddable":true,"href":"https:\/\/www.cronacaonline.it\/index.php\/wp-json\/wp\/v2\/tags?post=150332"}],"curies":[{"name":"wp","href":"https:\/\/api.w.org\/{rel}","templated":true}]}}