{"id":150285,"date":"2017-10-30T09:54:32","date_gmt":"2017-10-30T08:54:32","guid":{"rendered":"http:\/\/www.cronacaonline.it\/public\/content\/?p=150285"},"modified":"2017-10-30T09:54:32","modified_gmt":"2017-10-30T08:54:32","slug":"catalogna-ieri-a-barcellona-una-marea-di-unionisti-in-piazza-per-dire-no-alla-secessione-rajoy-assume-poteri-puigdemont-ma-president-va-avanti","status":"publish","type":"post","link":"https:\/\/www.cronacaonline.it\/index.php\/2017\/10\/30\/catalogna-ieri-a-barcellona-una-marea-di-unionisti-in-piazza-per-dire-no-alla-secessione-rajoy-assume-poteri-puigdemont-ma-president-va-avanti\/","title":{"rendered":"Catalogna: ieri a Barcellona una marea di unionisti in piazza per dire no alla secessione: Rajoy assume poteri Puigdemont, ma President va avanti."},"content":{"rendered":"<p>Barcellona, 30 Ott 2017 - Clima sempre pi\u00f9 infuocato tra governo spagnolo e la Catalogna dopo la destituzione di Puigdemont. In un lungo editoriale sul quotidiano\u00a0El Punt-Avui,\" il vice\u00a0presidente del governo catalano destituito da Madrid Oriol Junqueras ha sottolineato ieri con forza che \"Carles\u00a0Puigdemont \u00e8 e rester\u00e0 il presidente del paese e Carme Forcadell \u00e8 e rester\u00e0\u00a0la presidente del parlamento, tutto ci\u00f2 almeno fino a quando i cittadini\u00a0decideranno altrimenti con elezioni libere\".\u00a0Junqueras denuncia come sia in atto\u00a0un \"colpo\u00a0di Stato contro la Catalogna\". I quotidiani belgi intanto - riportando le parole di Theo Francken, segretario di Stato per l'asilo e la migrazione -\u00a0rivelano che Puigdemont potrebbe chiedere asilo al Belgio.\u00a0Una scelta\u00a0naturale\u00a0- come ricorda il politologo\u00a0Bart Maddens dell'Universit\u00e0 Cattolica di Lovanio, \"data la vicinanza mostrata dal governo alle forze indipendentiste della Catalogna\".<\/p>\n<p>Sono 300 mila i manifestanti che\u00a0sfilano al corteo degli unionisti a Barcellona contro\u00a0l'indipendenza della Catalogna, secondo la polizia\u00a0urbana. Lo scrive El Pais.\u00a0Poco prima gli organizzatori hanno detto che i manifestanti sono oltre un milione.\u00a0Una simile manifestazione\u00a0si \u00e8 tenuta ieri a Madrid nella quale hanno preso parte diverse migliaia di persone. Ieri il governo\u00a0spagnolo ha formalizzato nella Gazzetta ufficiale la rimozione del Presidente della Catalogna, Carles Puigdemont e del Govern, lo scioglimento del Parlament, la convocazione di elezione il 21 dicembre e il licenziamento in massa di oltre 150 alti funzionari catalani. Il Premier spagnolo Mariano Rajoy ha assunto competenze e poteri di Puigdemont, e li ha delegati alla vicepremier Soraya Saenz De Santamaria.<\/p>\n<p>C'\u00e8 dunque lei, ora,\u00a0al vertice della Catalogna: avr\u00e0 le competenze di\u00a0presidente e vicepresidente della Generalitat. Nata a Valladolid, una laurea in legge che le ha permesso di insegnare diritto amministrativo, Saenz de Santamaria \u00e8 avvocato dello Stato (come il marito, dal quale ha avuto un figlio, Ivan, 6 anni). Discreta quanto ambiziosa, da oltre 15 anni \u00e8 a fianco di Rajoy. Soraya gli \u00e8 stata accanto passo, passo, anche nella battaglia per ridurre alla ragione i 'ribelli' catalani. Considerata la donna pi\u00f9\u00a0potente di Spagna (controlla anche i servizi di intelligence), \u00e8\u00a0il volto pi\u00f9\u00a0conosciuto di un governo che certo non \u00e8\u00a0popolare, molto pi\u00f9\u00a0mediatica di Rajoy, che non brilla per capacit\u00e0\u00a0retorica. Se la sfida catalana non le taglier\u00e0\u00a0le ali, \u00e8\u00a0di certo destinata a un futuro luminoso.<\/p>\n<p>Il governo spagnolo ha destituito anche il maggiore Josep Luis Trapero, il capo dei Mossos d'Esquadra, la polizia catalana. Questa decisione, che non era stata annunciata venerd\u00ec, \u00e8 stata firmata dal ministro dell'Interno, Juan Ignacio Zoido. Il testo sulla gazzetta ufficiale sottolinea la necessit\u00e0 di \"garantire il funzionamento dell'amministrazione della Generalitat di Catalogna e dei suoi organismi\".<\/p>\n<p>La Catalogna si \u00e8 quindi svegliata sotto il diretto controllo di Madrid.\u00a0Venerd\u00ec sera, a Barcellona e in altre citt\u00e0 catalane migliaia di persone avevano festeggiato la dichiarazione di indipendenza, non riconosciuta da Madrid ma neppure dalla comunit\u00e0 internazionale: migliaia di persone riunite a piazza Sant Jaume dove si trovano il Palau\u00a0de la Generalitat e gli uffici del presidente, Carles Puigdemont. C'\u00e8 stata anche una marcia unionista, poche centinaia di persone: ma un gruppo di circa 200 ultras, hanno infranto i cristalli a Catalunya Radio e aggredito tre persone, una delle quali aveva gridato al loro indirizzo 'Llibertat\". Intanto a Barcellona si riuniscono i partiti (PDECat, che fa capo Puigdemont) ed Erc, per analizzare la situazione.<\/p>\n<p>Il presidente della Catalogna destituito da Madrid, Carles Puigdemont, in un breve intervento registrato, ha evitato di esprimere chiaramente la sua posizione rispetto alle misure del governo spagnolo, ma si \u00e8 limitato a rivendicare una \"opposizione democratica\" all'applicazione dell'articolo 155.<\/p>\n<p>Nel messaggio registrato questa mattina da Girona, dove risiede, Puigdemont ha ribadito che \"l'articolo 155 \u00e8 un attacco contro la volont\u00e0 dei catalani\" e ha chiesto al suo popolo di \"essere pazienti, perseveranti e di avere speranza\", rifiutando ogni forma di violenza. Ha inoltre chiesto loro di difendere la dichiarazione di indipendenza adottata nel Parlamento e di farlo con civilt\u00e0, attraverso una \"opposizione democratica all'applicazione dell'articolo 155\" della Costituzione. Il presidente ha dunque rifiutato di accettare la destituzione, ribadendo la sua volont\u00e0 di andare avanti, continuando a difendere l'indipendenza della Catalogna.<\/p>\n<p>Il possibile arresto del\u00a0presidente della Catalogna Carles Puigdemont per ordine della\u00a0giustizia spagnola potrebbe scattare da oggi, riferisce il\u00a0quotidiano catalano Ara. La procura dello Stato spagnolo infatti\u00a0presenter\u00e0 luned\u00ec contro di lui e contro il Govern catalano una\u00a0denuncia davanti al Tribunale supremo per sedizione e ribellione\u00a0e chieder\u00e0 misure cautelari.<\/p>\n<p>L'indipendenza \u00e8 passata con 70 voti a favore e 10 contrari (due le schede bianche). Sono mancati i voti dell'opposizione unionista, che ha abbandonato l'aula prima dell'inizio dello scrutinio segreto.\u00a0 Questa la risoluzione approvata. Il Parlament decide di: - \"costituire la Repubblica catalana, come Stato indipendente e sovrano di diritto democratico e sociale, - disporre l'entrata in vigore della legge di transizione giuridica e di fondazione della Repubblica, - iniziare il processo costituente, democratico di base e cittadino, trasversale, partecipativo e vincolante, - affermare la volont\u00e0 di aprire negoziati con lo stato spagnolo, senza precondizioni, per stabilire un regime di collaborazione a beneficio delle due parti. I negoziati dovranno essere necessariamente su base di parit\u00e0, - Porre a conoscenza della comunit\u00e0 internazionale e delle autorit\u00e0 dell'Unione Europea la costituzione della Repubblica catalana e la proposta di negoziato con lo stato spagnolo\".<\/p>\n","protected":false},"excerpt":{"rendered":"<p>Barcellona, 30 Ott 2017 &#8211; Clima sempre pi\u00f9 infuocato tra governo spagnolo e la Catalogna dopo la destituzione di Puigdemont. In un lungo editoriale sul&#8230;<\/p>\n","protected":false},"author":2,"featured_media":150286,"comment_status":"closed","ping_status":"closed","sticky":false,"template":"","format":"standard","meta":[],"categories":[49,51],"tags":[],"_links":{"self":[{"href":"https:\/\/www.cronacaonline.it\/index.php\/wp-json\/wp\/v2\/posts\/150285"}],"collection":[{"href":"https:\/\/www.cronacaonline.it\/index.php\/wp-json\/wp\/v2\/posts"}],"about":[{"href":"https:\/\/www.cronacaonline.it\/index.php\/wp-json\/wp\/v2\/types\/post"}],"author":[{"embeddable":true,"href":"https:\/\/www.cronacaonline.it\/index.php\/wp-json\/wp\/v2\/users\/2"}],"replies":[{"embeddable":true,"href":"https:\/\/www.cronacaonline.it\/index.php\/wp-json\/wp\/v2\/comments?post=150285"}],"version-history":[{"count":0,"href":"https:\/\/www.cronacaonline.it\/index.php\/wp-json\/wp\/v2\/posts\/150285\/revisions"}],"wp:featuredmedia":[{"embeddable":true,"href":"https:\/\/www.cronacaonline.it\/index.php\/wp-json\/wp\/v2\/media\/150286"}],"wp:attachment":[{"href":"https:\/\/www.cronacaonline.it\/index.php\/wp-json\/wp\/v2\/media?parent=150285"}],"wp:term":[{"taxonomy":"category","embeddable":true,"href":"https:\/\/www.cronacaonline.it\/index.php\/wp-json\/wp\/v2\/categories?post=150285"},{"taxonomy":"post_tag","embeddable":true,"href":"https:\/\/www.cronacaonline.it\/index.php\/wp-json\/wp\/v2\/tags?post=150285"}],"curies":[{"name":"wp","href":"https:\/\/api.w.org\/{rel}","templated":true}]}}