{"id":150274,"date":"2017-10-29T17:02:27","date_gmt":"2017-10-29T16:02:27","guid":{"rendered":"http:\/\/www.cronacaonline.it\/public\/content\/?p=150274"},"modified":"2017-10-29T17:02:27","modified_gmt":"2017-10-29T16:02:27","slug":"giovane-cagliaritano-ruba-uno-scooter-in-centro-e-indisturbato-si-aggira-per-cagliari-rintracciato-poco-dopo-il-furto-e-arrestato-dai-carabinieri","status":"publish","type":"post","link":"https:\/\/www.cronacaonline.it\/index.php\/2017\/10\/29\/giovane-cagliaritano-ruba-uno-scooter-in-centro-e-indisturbato-si-aggira-per-cagliari-rintracciato-poco-dopo-il-furto-e-arrestato-dai-carabinieri\/","title":{"rendered":"Giovane cagliaritano ruba uno scooter in centro e indisturbato si aggira per Cagliari: rintracciato poco dopo il furto e arrestato dai carabinieri."},"content":{"rendered":"<p>Cagliari, 29 Ott 2017 - Intorno alle 02:00 di questa mattina, i carabinieri del Nucleo radiomobile della compagnia di Cagliari, agli ordini del Magg. Vasaturo, hanno arrestato Federico Loddo, di 31 anni, pregiudicato, cagliaritano.<\/p>\n<p>Il giovane durante la serata ha rubato uno scooter Honda sh 125 in viale regina Margherita e poi \u00e8 fuggito con il mezzo. Ma i militari della radiomobile, allertati dalla vittima, si sono messi sulle sue tracce e lo hanno rintracciato poco dopo presso Piazza Paese di Desulo. Quindi \u00e8 partito immediatamente l'inseguimento del ladro che ha lasciato lo scooter ed \u00e8 fuggito a piedi nelle vie circostanti ma comunque non ha fatto molta strada ed \u00e8 stato raggiunto, bloccato ed arrestato.<\/p>\n<p>Il motociclo \u00e8 stato quindi restituito al legittimo proprietario e Loddo \u00e8 stato portato nella caserma di via Nuoro dove, ultimate le formalit\u00e0 di legge \u00e8 stato trattenuto nelle camere di sicurezza della Stazione cc di Ca-Villanova in attesa del rito direttissimo previsto per domani.<\/p>\n","protected":false},"excerpt":{"rendered":"<p>Cagliari, 29 Ott 2017 &#8211; Intorno alle 02:00 di questa mattina, i carabinieri del Nucleo radiomobile della compagnia di Cagliari, agli ordini del Magg. Vasaturo,&#8230;<\/p>\n","protected":false},"author":2,"featured_media":149765,"comment_status":"closed","ping_status":"closed","sticky":false,"template":"","format":"standard","meta":[],"categories":[49,51,55],"tags":[],"_links":{"self":[{"href":"https:\/\/www.cronacaonline.it\/index.php\/wp-json\/wp\/v2\/posts\/150274"}],"collection":[{"href":"https:\/\/www.cronacaonline.it\/index.php\/wp-json\/wp\/v2\/posts"}],"about":[{"href":"https:\/\/www.cronacaonline.it\/index.php\/wp-json\/wp\/v2\/types\/post"}],"author":[{"embeddable":true,"href":"https:\/\/www.cronacaonline.it\/index.php\/wp-json\/wp\/v2\/users\/2"}],"replies":[{"embeddable":true,"href":"https:\/\/www.cronacaonline.it\/index.php\/wp-json\/wp\/v2\/comments?post=150274"}],"version-history":[{"count":0,"href":"https:\/\/www.cronacaonline.it\/index.php\/wp-json\/wp\/v2\/posts\/150274\/revisions"}],"wp:featuredmedia":[{"embeddable":true,"href":"https:\/\/www.cronacaonline.it\/index.php\/wp-json\/wp\/v2\/media\/149765"}],"wp:attachment":[{"href":"https:\/\/www.cronacaonline.it\/index.php\/wp-json\/wp\/v2\/media?parent=150274"}],"wp:term":[{"taxonomy":"category","embeddable":true,"href":"https:\/\/www.cronacaonline.it\/index.php\/wp-json\/wp\/v2\/categories?post=150274"},{"taxonomy":"post_tag","embeddable":true,"href":"https:\/\/www.cronacaonline.it\/index.php\/wp-json\/wp\/v2\/tags?post=150274"}],"curies":[{"name":"wp","href":"https:\/\/api.w.org\/{rel}","templated":true}]}}