{"id":149214,"date":"2017-10-07T15:07:00","date_gmt":"2017-10-07T13:07:00","guid":{"rendered":"http:\/\/www.cronacaonline.it\/public\/content\/?p=149214"},"modified":"2017-10-07T15:07:00","modified_gmt":"2017-10-07T13:07:00","slug":"referendum-catalogna-la-maggioranza-vuole-rimanere-spagnola-58-ed-il-42-per-la-secessione","status":"publish","type":"post","link":"https:\/\/www.cronacaonline.it\/index.php\/2017\/10\/07\/referendum-catalogna-la-maggioranza-vuole-rimanere-spagnola-58-ed-il-42-per-la-secessione\/","title":{"rendered":"Referendum Catalogna la maggioranza vuole rimanere spagnola (58% ed il 42\u201d per la secessione)."},"content":{"rendered":"<p>Barcellona 7 Ott 2017 - Centinaia di persone si sono riunite in piazza a Barcellona, ed altrettante lo hanno fatto a Madrid, concentrandosi davanti alla sede del comune per chiedere dialogo tra governo di Madrid e autorit\u00e0 catalane. I manifestanti si sono presentati vestiti di bianco, sventolando bandiere e cartelli dello stesso colore, o con scritte quali 'Pace', o 'Bla, bla, bla, vogliamo parlare' in risposta all'appello lanciato dall'associazione civile 'Parlem? Hablamos?' che ha promosso la manifestazione, esortando via i social media la gente a riunirsi in tutto il paese davanti ai comuni per chiedere dialogo e sbloccare in questo modo la crisi scoppiata con l'organizzazione del referendum separatista in Catalogna.<\/p>\n<p>Mentre a Barcellona \u00e8 in corso una dimostrazione \"per il dialogo\" tra Spagna e Catalogna, una manifestazione di unionisti spagnoli \"per la Difesa della Costituzione\" si sta svolgendo nella Plaza Colon (piazza Cristoforo Colombo) di Madrid, convocata da una cinquantina di associazioni e fondazioni della societ\u00e0 civile. I dimostranti, che innalzano migliaia di bandiere spagnole, gridano slogan come \"Viva la Spagna\", \"Sono spagnolo\" e \"Con i golpisti non si dialoga\".<\/p>\n<p>Una lettera-appello firmata dal vescovo Mons. Jaume Pujol e indirizzata\u00a0a tutti i sacerdoti dell'arcidiocesi di Tarragona perch\u00e9 in questo delicatissimo momento di incertezza per il futuro della terra catalana siano artigiani della pace, promotori di fratellanza, evitino di prendere qualsiasi presa di posizione che possa essere causa di contrapposizione e siano \"elementi di unione e non divisione\". Nella lettera ricevuta dal Sir, il vescovo Pujol scrive: \"Penso che tutti stiamo soffrendo molto in questi giorni e non sappiamo dove andr\u00e0 a finire questo processo\". In questo stato di incertezza \u00e8 dunque normale chiedersi: \"Cosa dobbiamo fare? Che cosa posso fare?\". Il vescovo invita i suoi sacerdoti a pregare nella certezza di quanto \u00e8 scritto nel Vangelo: \"Chiedete e vi sar\u00e0 dato; cercate e troverete; bussate e vi sar\u00e0 aperto\". E poi aggiunge: \"Siamo artigiani di pace, aiutiamo a costruire la fratellanza, parliamo di ci\u00f2 che \u00e8 l'essenziale della nostra fede, di ci\u00f2 che ci unisce\".<\/p>\n<p>Dopo Gas Natural Fenosa, anche Aigues, la societ\u00e0 che gestisce la distribuzione idrica, ha deciso di trasferire la sede da Barcellona a Madrid. Una decisione \u00e8 legata\u00a0alle\u00a0ricadute\u00a0del referendum. Ieri sera, stesso annuncio \u00e8 stato dato da CaixaBank, il principale istituto bancario catalano, che trasferir\u00e0 la sede legale nelle Baleari, \"a causa dell'attuale situazione\u00a0politica e sociale in Catalogna\".\u00a0Gioved\u00ec era stato il Banco Sabadell, terza banca\u00a0catalana, ad\u00a0annunciare\u00a0il trasferimento della sede ad Alicante, nella regione autonoma della Valencia.<\/p>\n<p>Le richieste di apertura di conti bancari fuori dalla Catalogna sono aumentate negli ultimi giorni. Lo riferiscono fonti finanziarie. Secondo le fonti, molti clienti sono preoccupati dai riflessi che potrebbero esserci sui loro conti bancari. I direttori degli istituti finanziari li rassicurano, ma di fronte alle preoccupazioni dei clienti per i loro risparmi, offrono spesso, come soluzione, di aprire un conto in un'altra comunit\u00e0\u00a0autonoma spagnola, preferibilmente in comuni vicini alla Catalogna, e continuare a gestire le operazioni dagli uffici abituali. Un'offerta che consente ai depositi dei clienti di rimanere in territorio spagnolo in caso di una eventuale dichiarazione unilaterale di indipendenza. In questo clima di incertezza, il ministro dell'economia, Luis de Guindos, ha sottolineato che i clienti delle banche catalane \"non devono temere nulla\" perch\u00e9\u00a0si tratta di banche \"spagnole e anche europee\".<\/p>\n<p>Secondo quanto scrive El Mundo, anche Abertis\u00a0(multinazionale del settore infrastrutture di trasporto e tlc)\u00a0avrebbe\u00a0intenzione di trasferire la\u00a0propria\u00a0sede. Mentre altri importanti gruppi, molti stranieri, attendono l'esito della plenaria di luned\u00ec. Una dichiarazione di indipendenza della Catalogna significherebbe l'uscita dall'Ue, come ha ribadito\u00a0Pierre Moscovici.<\/p>\n<p>La battaglia politica tra Madrid e Barcellona diventa cos\u00ec anche una battaglia economica. Il governo spagnolo ha adottato\u00a0un decreto per agevolare l'uscita dalla Catalogna di imprese che temono una dichiarazione di indipendenza. Il decreto permetter\u00e0 alle imprese di spostare la sede sociale in un'altra regione senza sottoporre la decisione al voto degli azionisti.<\/p>\n<p>Il commissario Ue all'Economia, Pierre Moscovici, ha avvertito che \"una Catalogna indipendente non sarebbe membro dell'Unione europea, perch\u00e9 l'Unione europea conosce un solo Stato membro: la Spagna\". Aggiungendo che lo strappo tra Barcellona e Madrid \"\u00e8 una vicenda dolorosa che va trattata dagli spagnoli. Risolverla non spetta n\u00e9 a Parigi n\u00e9 a Bruxelles n\u00e9 ad altri\".<\/p>\n","protected":false},"excerpt":{"rendered":"<p>Barcellona 7 Ott 2017 &#8211; Centinaia di persone si sono riunite in piazza a Barcellona, ed altrettante lo hanno fatto a Madrid, concentrandosi davanti alla&#8230;<\/p>\n","protected":false},"author":2,"featured_media":149215,"comment_status":"closed","ping_status":"closed","sticky":false,"template":"","format":"standard","meta":[],"categories":[49,51,52],"tags":[],"_links":{"self":[{"href":"https:\/\/www.cronacaonline.it\/index.php\/wp-json\/wp\/v2\/posts\/149214"}],"collection":[{"href":"https:\/\/www.cronacaonline.it\/index.php\/wp-json\/wp\/v2\/posts"}],"about":[{"href":"https:\/\/www.cronacaonline.it\/index.php\/wp-json\/wp\/v2\/types\/post"}],"author":[{"embeddable":true,"href":"https:\/\/www.cronacaonline.it\/index.php\/wp-json\/wp\/v2\/users\/2"}],"replies":[{"embeddable":true,"href":"https:\/\/www.cronacaonline.it\/index.php\/wp-json\/wp\/v2\/comments?post=149214"}],"version-history":[{"count":0,"href":"https:\/\/www.cronacaonline.it\/index.php\/wp-json\/wp\/v2\/posts\/149214\/revisions"}],"wp:featuredmedia":[{"embeddable":true,"href":"https:\/\/www.cronacaonline.it\/index.php\/wp-json\/wp\/v2\/media\/149215"}],"wp:attachment":[{"href":"https:\/\/www.cronacaonline.it\/index.php\/wp-json\/wp\/v2\/media?parent=149214"}],"wp:term":[{"taxonomy":"category","embeddable":true,"href":"https:\/\/www.cronacaonline.it\/index.php\/wp-json\/wp\/v2\/categories?post=149214"},{"taxonomy":"post_tag","embeddable":true,"href":"https:\/\/www.cronacaonline.it\/index.php\/wp-json\/wp\/v2\/tags?post=149214"}],"curies":[{"name":"wp","href":"https:\/\/api.w.org\/{rel}","templated":true}]}}