{"id":149208,"date":"2017-10-07T14:58:01","date_gmt":"2017-10-07T12:58:01","guid":{"rendered":"http:\/\/www.cronacaonline.it\/public\/content\/?p=149208"},"modified":"2017-10-07T14:58:01","modified_gmt":"2017-10-07T12:58:01","slug":"famiglie-firmato-ad-alghero-protocollo-sardegna-trentino-per-politiche-di-sostegno-a-genitorialita","status":"publish","type":"post","link":"https:\/\/www.cronacaonline.it\/index.php\/2017\/10\/07\/famiglie-firmato-ad-alghero-protocollo-sardegna-trentino-per-politiche-di-sostegno-a-genitorialita\/","title":{"rendered":"Famiglie, firmato ad Alghero protocollo Sardegna-Trentino per politiche di sostegno a genitorialit\u00e0"},"content":{"rendered":"<p>Alghero (SS), 7 Ott 2017 -\u00a0Sardegna e Trentino insieme per sostenere le politiche per le famiglie. Prosegue l\u2019alleanza tra la Regione e la Provincia Autonoma di Trento, che ieri sera, ad Alghero, nel corso delle iniziative per la Settimana della famiglia, ha portato alla firma di un protocollo di collaborazione tra le due istituzioni rappresentate dall\u2019assessore della Sanit\u00e0 e Politiche sociali, Luigi Arru, e il direttore dell\u2019Agenzia per la famiglia, Luciano Malfer.<\/p>\n<p>\u201cStiamo facendo delle politiche per generare valore per le nostre Comunit\u00e0 \u2013 ha detto l\u2019assessore \u2013 partendo dalla famiglia al centro delle nostre azioni di welfare. Siamo la Regione che spende di pi\u00f9, pro capite in Italia per le politiche sociali, ma senza poter verificare poi quale impatto queste risorse hanno sull\u2019inclusione delle persone. La Sardegna vive una fase di malessere profondo, legato allo spopolamento e alla denatalit\u00e0. Ma questi processi sono partiti 20 anni fa, senza che si facessero scelte per contrastarli, quelle stesse scelte che ha fatto, invece, il Trentino, individuando politiche per sostenere la genitorialit\u00e0.<\/p>\n<p>\u00c8 il momento del coraggio di scelte di lungo periodo \u2013 ha detto ancora Arru \u2013 senza fermarci agli indicatori economici, ma mettendo in campo azioni innovative. L\u2019invecchiamento della popolazione \u00e8 l\u2019altro fattore che deve guidare le nostre decisioni, dobbiamo trasformarlo in ricchezza, in un processo attivo e che non si pu\u00f2 affrontare con l\u2019istituzionalizzazione dell\u2019anziano, con le Rsa.<\/p>\n<p>La collaborazione con l\u2019Agenzia della famiglia rappresenta per la nostra Regione una grande occasione per estendere anche in Sardegna politiche a sostegno della famiglia, della genitorialit\u00e0, misure necessarie per contrastare la denatalit\u00e0, spopolamento, in sintesi misure finalizzate allo sviluppo sociale ed economico delle comunit\u00e0\u201d.Red<\/p>\n","protected":false},"excerpt":{"rendered":"<p>Alghero (SS), 7 Ott 2017 &#8211;\u00a0Sardegna e Trentino insieme per sostenere le politiche per le famiglie. Prosegue l\u2019alleanza tra la Regione e la Provincia Autonoma&#8230;<\/p>\n","protected":false},"author":2,"featured_media":149209,"comment_status":"closed","ping_status":"closed","sticky":false,"template":"","format":"standard","meta":[],"categories":[49,51,52],"tags":[],"_links":{"self":[{"href":"https:\/\/www.cronacaonline.it\/index.php\/wp-json\/wp\/v2\/posts\/149208"}],"collection":[{"href":"https:\/\/www.cronacaonline.it\/index.php\/wp-json\/wp\/v2\/posts"}],"about":[{"href":"https:\/\/www.cronacaonline.it\/index.php\/wp-json\/wp\/v2\/types\/post"}],"author":[{"embeddable":true,"href":"https:\/\/www.cronacaonline.it\/index.php\/wp-json\/wp\/v2\/users\/2"}],"replies":[{"embeddable":true,"href":"https:\/\/www.cronacaonline.it\/index.php\/wp-json\/wp\/v2\/comments?post=149208"}],"version-history":[{"count":0,"href":"https:\/\/www.cronacaonline.it\/index.php\/wp-json\/wp\/v2\/posts\/149208\/revisions"}],"wp:featuredmedia":[{"embeddable":true,"href":"https:\/\/www.cronacaonline.it\/index.php\/wp-json\/wp\/v2\/media\/149209"}],"wp:attachment":[{"href":"https:\/\/www.cronacaonline.it\/index.php\/wp-json\/wp\/v2\/media?parent=149208"}],"wp:term":[{"taxonomy":"category","embeddable":true,"href":"https:\/\/www.cronacaonline.it\/index.php\/wp-json\/wp\/v2\/categories?post=149208"},{"taxonomy":"post_tag","embeddable":true,"href":"https:\/\/www.cronacaonline.it\/index.php\/wp-json\/wp\/v2\/tags?post=149208"}],"curies":[{"name":"wp","href":"https:\/\/api.w.org\/{rel}","templated":true}]}}