{"id":149205,"date":"2017-10-07T14:53:40","date_gmt":"2017-10-07T12:53:40","guid":{"rendered":"http:\/\/www.cronacaonline.it\/public\/content\/?p=149205"},"modified":"2017-10-07T14:53:40","modified_gmt":"2017-10-07T12:53:40","slug":"turismo-firmato-ieri-a-galtelli-protocollo-di-intesa-su-rete-destinazioni-pellegrinaggio","status":"publish","type":"post","link":"https:\/\/www.cronacaonline.it\/index.php\/2017\/10\/07\/turismo-firmato-ieri-a-galtelli-protocollo-di-intesa-su-rete-destinazioni-pellegrinaggio\/","title":{"rendered":"Turismo, firmato ieri a Galtell\u00ed protocollo di intesa su rete destinazioni pellegrinaggio."},"content":{"rendered":"<p>Galtell\u00ec (Nu), 7 Ott 2017 -\u00a0\u201cUn progetto strutturato e \u2018maturo\u2019 che coniuga la valenza culturale e spirituale dei territori con quelli che con quelli che sono gli elementi che caratterizzano il modello di sviluppo turistico della Sardegna: sostenibilit\u00e0, ambiente, paesaggio e comunit\u00e0 autentiche, la qualit\u00e0 della vita. La sfida \u00e8 ora quella di dare immediata fruibilit\u00e0 a questi cammini per restituire un nuovo motivo di viaggio: il turismo lento che si affianca a quello balneare.\u201d Con queste parole l\u2019assessora del Turismo, Artigianato e Commercio Barbara Argiolas ha avviato una nuova fase di strutturazione e promozione del prodotto turistico culturale-religioso nell\u2019Isola, sancita ufficialmente ieri a Galtell\u00ec dalla sigla del protocollo d\u2019intesa per \u2018l\u2019implementazione della rete lungo le destinazioni di pellegrinaggio in Sardegna\u2019.<\/p>\n<p>Iter sinergico.\u00a0La firma sul documento da parte dell\u2019assessorato regionale, dei rappresentanti della Conferenza episcopale sarda e degli amministratori dei sei Comuni coinvolti nel progetto (Dorgali, Galtell\u00ec, Gesturi, Laconi, Luogosanto e Orgosolo), ha formalizzato un\u2019importante tappa di un iter quinquennale, condotto in stretta sinergia tra amministrazioni coinvolte ed enti religiosi con la regia regionale, iniziato proprio nel borgo della Baron\u00eca nel 2012 col primo forum regionale \u2018Cultura religiosa e turismo\u2019.<\/p>\n<p>Nuova offerta per i mercati.\u00a0Nel corso degli anni sono stati definiti con vari gradi di strutturazione e fruibilit\u00e0 cammini, percorsi e destinazioni di pellegrinaggio: \u201cL\u2019obiettivo finale \u2013 ha aggiunto l\u2019assessora Argiolas \u2013 \u00e8 la proposta e il successivo posizionamento in contesti nazionali e internazionali di un nuovo prodotto e di un\u2019offerta omogenea e \u2018leggibile\u2019 che includa tutti i circa 80 centri \u2018vocati\u2019, meta di fedeli e pellegrini, coinvolti dal progetto regionale, che in parte coincidono con i Comuni della futura rete dei borghi della Sardegna\u201d.<\/p>\n<p>Formalizzazione intesa e promozione prodotto.\u00a0Le sei destinazioni di pellegrinaggio firmatarie dell\u2019intesa, attraverso un partenariato pubblico-privato, proporranno un programma d\u2019azione funzionale al progetto generale di promozione dell\u2019offerta unitaria della Sardegna, che trover\u00e0 attuazione attraverso i fondi POR gi\u00e0 destinati al segmento, ossia un milione di euro, per interventi di infrastrutturazione materiale e immateriale. Ogni Comune-partner presenter\u00e0 le peculiarit\u00e0 culturali e spirituali dei rispettivi territori: Galtell\u00ec, individuato come Comune capofila, per \u2018los milagros\u2019 del Santissimo Crocifisso, Luogosanto nei luoghi della storia francescana e della porta santa della sua basilica, Laconi, Gesturi, Orgosolo e Dorgali nei luoghi dove vissero, rispettivamente, Sant\u2019Ignazio, Fra\u2019 Nicola, la beata Antonia Mesina e suor Maria Gabriella Sagheddu. Ciascuno sar\u00e0 tappa di un itinerario dove immergersi e vivere natura, cultura, arte, tradizioni, artigianato ed enogastronomia dell\u2019entroterra. Una peculiarit\u00e0 sarda e in particolare di Galtell\u00ec, da valorizzare al meglio, emersa dai lavori dell\u2019incontro di ieri, di cui hanno parlato il sindaco Giovanni Santo Porcu e l\u2019etnomusicologo Marco Lutzu, \u00e8 quella dei canti liturgici che accompagnano i fedeli nei cammini e riti religiosi. Red<\/p>\n","protected":false},"excerpt":{"rendered":"<p>Galtell\u00ec (Nu), 7 Ott 2017 &#8211;\u00a0\u201cUn progetto strutturato e \u2018maturo\u2019 che coniuga la valenza culturale e spirituale dei territori con quelli che con quelli che&#8230;<\/p>\n","protected":false},"author":2,"featured_media":142683,"comment_status":"closed","ping_status":"closed","sticky":false,"template":"","format":"standard","meta":[],"categories":[49,51,52],"tags":[],"_links":{"self":[{"href":"https:\/\/www.cronacaonline.it\/index.php\/wp-json\/wp\/v2\/posts\/149205"}],"collection":[{"href":"https:\/\/www.cronacaonline.it\/index.php\/wp-json\/wp\/v2\/posts"}],"about":[{"href":"https:\/\/www.cronacaonline.it\/index.php\/wp-json\/wp\/v2\/types\/post"}],"author":[{"embeddable":true,"href":"https:\/\/www.cronacaonline.it\/index.php\/wp-json\/wp\/v2\/users\/2"}],"replies":[{"embeddable":true,"href":"https:\/\/www.cronacaonline.it\/index.php\/wp-json\/wp\/v2\/comments?post=149205"}],"version-history":[{"count":0,"href":"https:\/\/www.cronacaonline.it\/index.php\/wp-json\/wp\/v2\/posts\/149205\/revisions"}],"wp:featuredmedia":[{"embeddable":true,"href":"https:\/\/www.cronacaonline.it\/index.php\/wp-json\/wp\/v2\/media\/142683"}],"wp:attachment":[{"href":"https:\/\/www.cronacaonline.it\/index.php\/wp-json\/wp\/v2\/media?parent=149205"}],"wp:term":[{"taxonomy":"category","embeddable":true,"href":"https:\/\/www.cronacaonline.it\/index.php\/wp-json\/wp\/v2\/categories?post=149205"},{"taxonomy":"post_tag","embeddable":true,"href":"https:\/\/www.cronacaonline.it\/index.php\/wp-json\/wp\/v2\/tags?post=149205"}],"curies":[{"name":"wp","href":"https:\/\/api.w.org\/{rel}","templated":true}]}}