{"id":149143,"date":"2017-10-05T20:33:34","date_gmt":"2017-10-05T18:33:34","guid":{"rendered":"http:\/\/www.cronacaonline.it\/public\/content\/?p=149143"},"modified":"2017-10-05T20:33:34","modified_gmt":"2017-10-05T18:33:34","slug":"pregiudicato-di-18-anni-di-cagliari-arrestato-dai-carabinieri-per-detenzione-di-droga-ai-fini-di-spaccio-resistenza-a-p-u-e-danneggiamento-di-beni-dello-stato","status":"publish","type":"post","link":"https:\/\/www.cronacaonline.it\/index.php\/2017\/10\/05\/pregiudicato-di-18-anni-di-cagliari-arrestato-dai-carabinieri-per-detenzione-di-droga-ai-fini-di-spaccio-resistenza-a-p-u-e-danneggiamento-di-beni-dello-stato\/","title":{"rendered":"Pregiudicato di 18 anni di Cagliari arrestato dai carabinieri per detenzione di droga ai fini di spaccio, resistenza a P.U. e danneggiamento di beni dello stato."},"content":{"rendered":"<p>Cagliari, 5 Ott 2017 - All\u2019alba di oggi, i carabinieri del Nucleo\u00a0radiomobile\u00a0della compagnia di Cagliari,\u00a0durante un servizio di perlustrazione hanno arrestato nella flagranza dei reati di detenzione ai fini di spaccio e resistenza a Pubblico Ufficiale, Fabian Alberto, di 18 anni, aiuto cuoco, con precedenti penali, del capoluogo.<\/p>\n<p>Il ragazzo, poche ore prima, in Via Monte Grappa, alla guida di ciclomotore intestato a terza persona, dopo aver omesso di fermarsi all\u2019alt\u00a0imposto dai miliari si \u00e8 dato alla fuga nel tentativo di sottrarsi al controllo.<\/p>\n<p>Quindi \u00e8 scattato l\u2019inseguimento e il fuggitivo ha urtato pi\u00f9 volte col proprio scooter l\u2019autovettura di servizio, danneggiandolo sulla fiancata sinistra e lievi danni ad entrambi i paraurti ma poi \u00e8 stato comunque bloccato in Viale Monastir.<\/p>\n<p>Subito dopo il fermo \u00e8 stato sottoposto a perquisizione personale e trovato in possesso di qualche dose di \u201cmarijuana\u201d e \u201chashish\u201d oltre a euro 175,00 in contanti, ritenuti provento dell\u2019attivit\u00e0 illecita.<\/p>\n<p>Il giovane in seguito \u00e8 stato portato in caserma dove dopo le formalit\u00e0 di legge \u00e8 stato condotto davanti al giudice unico presso il tribunale di Cagliari che durante il rito della direttissima lo ha condannato a 1\u00a0\u00a0\u00a0\u00a0 0 mesi di reclusione e sospesa la pena.<\/p>\n","protected":false},"excerpt":{"rendered":"<p>Cagliari, 5 Ott 2017 &#8211; All\u2019alba di oggi, i carabinieri del Nucleo\u00a0radiomobile\u00a0della compagnia di Cagliari,\u00a0durante un servizio di perlustrazione hanno arrestato nella flagranza dei reati&#8230;<\/p>\n","protected":false},"author":2,"featured_media":147291,"comment_status":"closed","ping_status":"closed","sticky":false,"template":"","format":"standard","meta":[],"categories":[49,51,55],"tags":[],"_links":{"self":[{"href":"https:\/\/www.cronacaonline.it\/index.php\/wp-json\/wp\/v2\/posts\/149143"}],"collection":[{"href":"https:\/\/www.cronacaonline.it\/index.php\/wp-json\/wp\/v2\/posts"}],"about":[{"href":"https:\/\/www.cronacaonline.it\/index.php\/wp-json\/wp\/v2\/types\/post"}],"author":[{"embeddable":true,"href":"https:\/\/www.cronacaonline.it\/index.php\/wp-json\/wp\/v2\/users\/2"}],"replies":[{"embeddable":true,"href":"https:\/\/www.cronacaonline.it\/index.php\/wp-json\/wp\/v2\/comments?post=149143"}],"version-history":[{"count":0,"href":"https:\/\/www.cronacaonline.it\/index.php\/wp-json\/wp\/v2\/posts\/149143\/revisions"}],"wp:featuredmedia":[{"embeddable":true,"href":"https:\/\/www.cronacaonline.it\/index.php\/wp-json\/wp\/v2\/media\/147291"}],"wp:attachment":[{"href":"https:\/\/www.cronacaonline.it\/index.php\/wp-json\/wp\/v2\/media?parent=149143"}],"wp:term":[{"taxonomy":"category","embeddable":true,"href":"https:\/\/www.cronacaonline.it\/index.php\/wp-json\/wp\/v2\/categories?post=149143"},{"taxonomy":"post_tag","embeddable":true,"href":"https:\/\/www.cronacaonline.it\/index.php\/wp-json\/wp\/v2\/tags?post=149143"}],"curies":[{"name":"wp","href":"https:\/\/api.w.org\/{rel}","templated":true}]}}