{"id":147009,"date":"2017-08-16T16:46:09","date_gmt":"2017-08-16T14:46:09","guid":{"rendered":"http:\/\/www.cronacaonline.it\/public\/content\/?p=147009"},"modified":"2017-08-16T16:46:09","modified_gmt":"2017-08-16T14:46:09","slug":"trasporti-collegamenti-isole-minori-assessore-careddu-attenzione-massima-anche-su-tariffe-per-non-residenti","status":"publish","type":"post","link":"https:\/\/www.cronacaonline.it\/index.php\/2017\/08\/16\/trasporti-collegamenti-isole-minori-assessore-careddu-attenzione-massima-anche-su-tariffe-per-non-residenti\/","title":{"rendered":"Trasporti, collegamenti isole minori, assessore Careddu: attenzione massima anche su tariffe per non residenti"},"content":{"rendered":"<p>Cagliari, 16 Ago 2017\u00a0\u2013 \u201cL\u2019attenzione sui collegamenti in continuit\u00e0 territoriale con le isole di La Maddalena e di Carloforte \u00e8 massima, anche per quanto riguarda le tariffe applicate ai non residenti\u201d. Lo dice l\u2019assessore dei Trasporti Carlo Careddu che ricorda il recente provvedimento varato dalla Giunta regionale finalizzato all\u2019abbattimento dei costi dei biglietti con questo obiettivo: \u201cAbbiamo destinato 330mila euro ai Comuni di La Maddalena e di Carloforte perch\u00e9 adottino soluzioni concrete a\u00a0vantaggio dei viaggiatori non residenti, come buoni sconto o simili e idonee agevolazioni - spiega Careddu -. Le amministrazioni territoriali sono quindi chiamate a elaborare proposte operative sulla base delle risorse messe a disposizione dalla Regione per l\u2019anno in corso\u201d.<\/p>\n<p>\u201cNaturalmente le isole minori sarde scontano ulteriori problemi legati alla mobilit\u00e0 rispetto a quelli fisiologici che gi\u00e0 gravano sulle zone periferiche e che incidono su crescita e sviluppo economico pertanto - continua - la Regione non solo vigila sulla corretta applicazione del contratto di servizio che regolamenta la continuit\u00e0 territoriale interna, ma interviene con azioni mirate a tutela del diritto alla mobilit\u00e0 dei sardi e a sostegno delle comunit\u00e0 pi\u00f9 svantaggiate sotto il profilo del trasporto pubblico e della libera circolazione, naturalmente nel rispetto delle norme nazionali e comunitarie. Ricordo inoltre - conclude l'assessore - che sul biglietto per La Maddalena pesa in pi\u00f9 una tassa di sbarco di 2,50 \u20ac da aprile a settembre adottata dal Comune e applicata proprio a chi non risiede nell'isola\u201d.<\/p>\n<p>Il finanziamento erogato dalla Regione sar\u00e0 ripartito in parti uguali tra le due amministrazioni locali tenuto conto anche dei dati di traffico: su un flusso totale di quasi 1 milione e 500mila utenti per La Maddalena, il 48% \u00e8 costituito da non residenti, mentre su Carloforte i viaggiatori non residenti sono pari al 51% su un totale di 927mila. Complessivamente, i passeggeri non residenti trasportati nelle due isole sono 1.134.164 di cui il 58% su La Maddalena e il 42% su Carloforte. Red-com<\/p>\n","protected":false},"excerpt":{"rendered":"<p>Cagliari, 16 Ago 2017\u00a0\u2013 \u201cL\u2019attenzione sui collegamenti in continuit\u00e0 territoriale con le isole di La Maddalena e di Carloforte \u00e8 massima, anche per quanto riguarda&#8230;<\/p>\n","protected":false},"author":2,"featured_media":145602,"comment_status":"closed","ping_status":"closed","sticky":false,"template":"","format":"standard","meta":[],"categories":[49,51,52],"tags":[],"_links":{"self":[{"href":"https:\/\/www.cronacaonline.it\/index.php\/wp-json\/wp\/v2\/posts\/147009"}],"collection":[{"href":"https:\/\/www.cronacaonline.it\/index.php\/wp-json\/wp\/v2\/posts"}],"about":[{"href":"https:\/\/www.cronacaonline.it\/index.php\/wp-json\/wp\/v2\/types\/post"}],"author":[{"embeddable":true,"href":"https:\/\/www.cronacaonline.it\/index.php\/wp-json\/wp\/v2\/users\/2"}],"replies":[{"embeddable":true,"href":"https:\/\/www.cronacaonline.it\/index.php\/wp-json\/wp\/v2\/comments?post=147009"}],"version-history":[{"count":0,"href":"https:\/\/www.cronacaonline.it\/index.php\/wp-json\/wp\/v2\/posts\/147009\/revisions"}],"wp:featuredmedia":[{"embeddable":true,"href":"https:\/\/www.cronacaonline.it\/index.php\/wp-json\/wp\/v2\/media\/145602"}],"wp:attachment":[{"href":"https:\/\/www.cronacaonline.it\/index.php\/wp-json\/wp\/v2\/media?parent=147009"}],"wp:term":[{"taxonomy":"category","embeddable":true,"href":"https:\/\/www.cronacaonline.it\/index.php\/wp-json\/wp\/v2\/categories?post=147009"},{"taxonomy":"post_tag","embeddable":true,"href":"https:\/\/www.cronacaonline.it\/index.php\/wp-json\/wp\/v2\/tags?post=147009"}],"curies":[{"name":"wp","href":"https:\/\/api.w.org\/{rel}","templated":true}]}}