{"id":146994,"date":"2017-08-16T12:39:58","date_gmt":"2017-08-16T10:39:58","guid":{"rendered":"http:\/\/www.cronacaonline.it\/public\/content\/?p=146994"},"modified":"2017-08-16T12:39:58","modified_gmt":"2017-08-16T10:39:58","slug":"crescita-prodotto-interno-lordo-pil-istat-nel-secondo-trimestre-04-su-anno-15","status":"publish","type":"post","link":"https:\/\/www.cronacaonline.it\/index.php\/2017\/08\/16\/crescita-prodotto-interno-lordo-pil-istat-nel-secondo-trimestre-04-su-anno-15\/","title":{"rendered":"Crescita Prodotto Interno Lordo (Pil), istat: nel secondo trimestre +0,4%, su anno +1,5%"},"content":{"rendered":"<p>Roma, 16 Ago 2017 - Nel secondo trimestre dell'anno, secondo la stima preliminare dell'Istat,\u00a0il Pil - corretto per gli effetti di calendario e destagionalizzato - \u00e8 aumentato dello 0,4% rispetto al trimestre precedente e dell'1,5% nei confronti del secondo trimestre del 2016.<\/p>\n<p>Il secondo trimestre del 2017 ha avuto tre giornate lavorative in meno del trimestre precedente e due giornate lavorative in meno rispetto al secondo trimestre del 2016. La variazione congiunturale \u00e8 la sintesi di un aumento del valore aggiunto nei comparti dell'industria e dei servizi e di una diminuzione nel settore dell'agricoltura. Dal lato della domanda, si registra un apporto positivo della componente nazionale (al lordo delle scorte) e un limitato contributo negativo della componente estera netta. Nello stesso periodo il Pil \u00e8 aumentato in termini congiunturali dello 0,6% negli Stati Uniti, dello 0,5% in Francia e dello 0,3% nel Regno Unito. In termini tendenziali, si \u00e8 registrato un aumento del 2,1% negli Stati Uniti, dell'1,8% in Francia e dell'1,7% nel Regno Unito. La variazione acquisita per il 2017 \u00e8 pari a +1,2%.<\/p>\n<p>L'aumento tendenziale del Pil nel secondo trimestre del 2017 dell'1,5% rispetto al secondo trimestre del 2016 il pi\u00f9 alto registrato dall'Istat da sei anni. Per trovare un valore maggiore bisogna tornare al primo trimestre del 2011 quando l'incremento era stato del 2,1%.<\/p>\n<p>Rispetto a prima della crisi, nel 2008, il livello del Pil italiano toccato nel secondo trimestre del 2017 resta inferiore di oltre il 6%. Nel primo trimestre del 2008, infatti, il prodotto interno lordo trimestrale aveva raggiunto il massimo dell'espansione a 424.824 milioni di euro e le ultime stime preliminari lo indicano a 397.458 nel secondo trimestre 2017.<\/p>\n<p>Il Pil dell'eurozona \u00e8\u00a0cresciuto dello 0,6% nel secondo trimestre dell'anno. \u00c8 la\u00a0stima di Eurostat. Su base annua si tratta di un aumento del\u00a0+2,2%. Nel primo trimestre 2017 il Pil era salito dello 0,5%. Anche nell'Ue a 28 il Pil ha registrato +0,6%, dopo il +0,5%\u00a0del trimestre precedente, e del +2,3% sull'anno.<\/p>\n<p>Gentiloni: meglio di previsoni\u00a0\"#Istat Crescita 2017 prevista a +1,5% Meglio\u00a0delle previsioni. Una buona base per rilanciare economia e posti\u00a0di lavoro\". Cos\u00ec, su Twitter, il premier Paolo Gentiloni.<\/p>\n<p>\"Il tempo \u00e8 galantuomo: basta saper\u00a0aspettare. Oggi i dati Istat dicono che la strategia di questi\u00a0anni produce risultati. Flessibilit\u00e0, non austerity. Gi\u00f9 le\u00a0tasse a ceto medio e imprese che investono. Scommettere sulla\u00a0crescita, non sul declino. I risultati arrivano, il tempo\u00a0davvero galantuomo. Oggi sarebbe facile domandarsi: chi aveva\u00a0ragione ad alzare la voce in Europa e a combattere per la\u00a0flessibilit\u00e0? Sarebbe facile, ma non servirebbe a nulla. Il\u00a0passato \u00e8 passato, la realt\u00e0 ha smentito i gufi, la verit\u00e0 non\u00a0si cambia con le fake news\".\u00a0\u00a0Lo scrive su Fb Matteo Renzi commentando i dati dell'Istat sul Pil.<\/p>\n","protected":false},"excerpt":{"rendered":"<p>Roma, 16 Ago 2017 &#8211; Nel secondo trimestre dell&#8217;anno, secondo la stima preliminare dell&#8217;Istat,\u00a0il Pil &#8211; corretto per gli effetti di calendario e destagionalizzato -&#8230;<\/p>\n","protected":false},"author":2,"featured_media":117090,"comment_status":"closed","ping_status":"closed","sticky":false,"template":"","format":"standard","meta":[],"categories":[49,51],"tags":[],"_links":{"self":[{"href":"https:\/\/www.cronacaonline.it\/index.php\/wp-json\/wp\/v2\/posts\/146994"}],"collection":[{"href":"https:\/\/www.cronacaonline.it\/index.php\/wp-json\/wp\/v2\/posts"}],"about":[{"href":"https:\/\/www.cronacaonline.it\/index.php\/wp-json\/wp\/v2\/types\/post"}],"author":[{"embeddable":true,"href":"https:\/\/www.cronacaonline.it\/index.php\/wp-json\/wp\/v2\/users\/2"}],"replies":[{"embeddable":true,"href":"https:\/\/www.cronacaonline.it\/index.php\/wp-json\/wp\/v2\/comments?post=146994"}],"version-history":[{"count":0,"href":"https:\/\/www.cronacaonline.it\/index.php\/wp-json\/wp\/v2\/posts\/146994\/revisions"}],"wp:featuredmedia":[{"embeddable":true,"href":"https:\/\/www.cronacaonline.it\/index.php\/wp-json\/"}],"wp:attachment":[{"href":"https:\/\/www.cronacaonline.it\/index.php\/wp-json\/wp\/v2\/media?parent=146994"}],"wp:term":[{"taxonomy":"category","embeddable":true,"href":"https:\/\/www.cronacaonline.it\/index.php\/wp-json\/wp\/v2\/categories?post=146994"},{"taxonomy":"post_tag","embeddable":true,"href":"https:\/\/www.cronacaonline.it\/index.php\/wp-json\/wp\/v2\/tags?post=146994"}],"curies":[{"name":"wp","href":"https:\/\/api.w.org\/{rel}","templated":true}]}}