{"id":146985,"date":"2017-08-16T08:59:49","date_gmt":"2017-08-16T06:59:49","guid":{"rendered":"http:\/\/www.cronacaonline.it\/public\/content\/?p=146985"},"modified":"2017-08-16T08:59:49","modified_gmt":"2017-08-16T06:59:49","slug":"regeni-il-new-york-times-casa-bianca-aveva-prove-esplosive-sui-colpevoli-ed-aveva-informato-lallora-premier-renzi","status":"publish","type":"post","link":"https:\/\/www.cronacaonline.it\/index.php\/2017\/08\/16\/regeni-il-new-york-times-casa-bianca-aveva-prove-esplosive-sui-colpevoli-ed-aveva-informato-lallora-premier-renzi\/","title":{"rendered":"Regeni, il New York Times: &#8220;Casa Bianca aveva prove &#8216;esplosive&#8217; sui colpevoli&#8221; ed aveva informato l\u2019allora premier Renzi."},"content":{"rendered":"<p>L'Amministrazione Obama era in possesso di \"prove esplosive\" sulle responsabilit\u00e0 \"ai pi\u00f9 alti livelli\" della sicurezza egiziana nella morte di Giulio Regeni, e questo port\u00f2 ad un pi\u00f9 che burrascoso colloquio tra l'allora segretario di Stato John Kerry e il ministro degli Esteri egizianoSameh Shoukry. Lo scrive il\u00a0New York Times\u00a0in un lungo articolo dedicato al caso del giovane ricercatore italiano ucciso in\u00a0Egitto nel 2016 in circostanze ancora tutte da chiarire.<\/p>\n<p>\"Nelle settimane successive alla morte di Regeni\", scrive il quotidiano in un reportage dal Cairo intitolato \"Gli strani garbugli nel caso della scomparsa al Cairo di Giulio Regeni\", \"gli Stati Uniti vennero in possesso dall'Egitto di prove di intelligence esplosive, prove che dimostravano come Regeni fosse stato rapito, torturato e ucciso da elementi della sicurezza egiziana\".<\/p>\n<p>Fonti dell'allora Amministrazione Obama citate dal giornale affermano che \"si era in possesso di prove incontrovertibili delle responsabilit\u00e0 egiziane\". A questo punto il materiale venne girato \"al governo Renzi su raccomandazione del Dipartimento di Stato e della Casa Bianca\". Ma \"per evitare di svelare l'identit\u00e0 della fonte non furono passate le prove cos\u00ec come erano, n\u00e9 fu detto quale degli apparati di sicurezza egiziani si riteneva fosse dietro l'omicidio\".\u00a0Altre fonti sempre citate dal New York Times affermano: \"Non \u00e8 chiaro chi avesse dato l'ordine di rapire e, presumibilmente, quello di uccidere\" Regeni, ma \"quello che gli americani sapevano per certo, e fu detto agli italiani, \u00e8 che la leadership egiziana era pienamente a conoscenza delle circostanze dell'uccisione\" del ricercatore.<\/p>\n<p>Di pi\u00f9: \"Non abbiamo dubbi di sorta sul fatto che questo fosse conosciuto anche dai massimi livelli\". Insomma, \"non sapevamo se fosse loro la responsabilit\u00e0, ma sapevano\".<\/p>\n<p>Questo port\u00f2 alcune settimane dopo \"l'allora segretario di Stato, John Kerry, ad un aspro confronto con il ministro degli esteri egiziano Sameh Shoukry, nel corso di un incontro che si tenne a Washington\". Si tratt\u00f2 di una conversazione \"quanto mai burrascosa\" anche se da parte della delegazione americana \"non si riusc\u00ec a capire se il ministro stesse erigendo un muro di gomma o semplicemente non conoscesse la verit\u00e0\".<\/p>\n<p>Nel frattempo i sette magistrati italiani inviati al Cairo \"venivano depistati ad ogni pie' sospinto\" e lo stesso ambasciatore italiano Massari \"presto smise di usare le email e il telefono per le comunicazioni delicate, ricorrendo ad una vecchia macchina che scriveva su carta sulla base di un codice criptato\". Anche perch\u00e9 \"si temeva che gli egiziani impiegati presso la sede diplomatica italiana passassero informazioni alle agenzie di sicurezza egiziane\".<\/p>\n<p>In merito alla inchiesta del New York Times, fonti di Palazzo Chigi sottolineano come nei contatti tra amministrazione USA e governo italiano avvenuti nei mesi successivi all'omicidio di Regeni non furono mai trasmessi elementi di fatto, come ricorda tra l'altro lo stesso giornalista del New York Times, n\u00e9 tantomeno 'prove esplosive'.\u00a0Si sottolinea altres\u00ec, proseguono le stesse fonti, che la collaborazione con la Procura di Roma in tutti questi mesi \u00e8 stata piena e completa.<\/p>\n<p>Prima di questa notizia, la madre di Regeni aveva scritto un post su Facebook, pubblicando le foto della bandiera italiana listata a lutto esposta dal giorno della morte del giovane sul Municipio di Fiumicello (Udine), dove vive la famiglia Regeni. La stessa foto, da oggi, \u00e8 utilizzata da Paola Deffendi come immagine del proprio profilo Fb. Nel post, in\u00a0un'altra foto, insieme alla stessa bandiera, si vede un pezzo del manifesto di colore giallo \"Verit\u00e0 per Giulio Regeni\".<\/p>\n","protected":false},"excerpt":{"rendered":"<p>L&#8217;Amministrazione Obama era in possesso di &#8220;prove esplosive&#8221; sulle responsabilit\u00e0 &#8220;ai pi\u00f9 alti livelli&#8221; della sicurezza egiziana nella morte di Giulio Regeni, e questo port\u00f2&#8230;<\/p>\n","protected":false},"author":2,"featured_media":124933,"comment_status":"closed","ping_status":"closed","sticky":false,"template":"","format":"standard","meta":[],"categories":[49,51],"tags":[],"_links":{"self":[{"href":"https:\/\/www.cronacaonline.it\/index.php\/wp-json\/wp\/v2\/posts\/146985"}],"collection":[{"href":"https:\/\/www.cronacaonline.it\/index.php\/wp-json\/wp\/v2\/posts"}],"about":[{"href":"https:\/\/www.cronacaonline.it\/index.php\/wp-json\/wp\/v2\/types\/post"}],"author":[{"embeddable":true,"href":"https:\/\/www.cronacaonline.it\/index.php\/wp-json\/wp\/v2\/users\/2"}],"replies":[{"embeddable":true,"href":"https:\/\/www.cronacaonline.it\/index.php\/wp-json\/wp\/v2\/comments?post=146985"}],"version-history":[{"count":0,"href":"https:\/\/www.cronacaonline.it\/index.php\/wp-json\/wp\/v2\/posts\/146985\/revisions"}],"wp:featuredmedia":[{"embeddable":true,"href":"https:\/\/www.cronacaonline.it\/index.php\/wp-json\/wp\/v2\/media\/124933"}],"wp:attachment":[{"href":"https:\/\/www.cronacaonline.it\/index.php\/wp-json\/wp\/v2\/media?parent=146985"}],"wp:term":[{"taxonomy":"category","embeddable":true,"href":"https:\/\/www.cronacaonline.it\/index.php\/wp-json\/wp\/v2\/categories?post=146985"},{"taxonomy":"post_tag","embeddable":true,"href":"https:\/\/www.cronacaonline.it\/index.php\/wp-json\/wp\/v2\/tags?post=146985"}],"curies":[{"name":"wp","href":"https:\/\/api.w.org\/{rel}","templated":true}]}}