{"id":146939,"date":"2017-08-14T15:55:54","date_gmt":"2017-08-14T13:55:54","guid":{"rendered":"http:\/\/www.cronacaonline.it\/public\/content\/?p=146939"},"modified":"2017-08-14T15:55:54","modified_gmt":"2017-08-14T13:55:54","slug":"trasporti-aerei-continuita-territoriale-1-posti-disponibili-nella-settimana-di-ferragosto-assessore-careddu-il-sistema-tiene-anche-nei-giorni-piu-caldi","status":"publish","type":"post","link":"https:\/\/www.cronacaonline.it\/index.php\/2017\/08\/14\/trasporti-aerei-continuita-territoriale-1-posti-disponibili-nella-settimana-di-ferragosto-assessore-careddu-il-sistema-tiene-anche-nei-giorni-piu-caldi\/","title":{"rendered":"Trasporti aerei, Continuit\u00e0 territoriale 1: Posti disponibili nella settimana di ferragosto. Assessore Careddu: il sistema tiene anche nei giorni pi\u00f9 &#8220;caldi&#8221;"},"content":{"rendered":"<p>Cagliari, 14 Ago 2017 -\u00a0Disponibilit\u00e0 di posti sulle rotte aeree dalla Sardegna per Roma e Milano in continuit\u00e0 territoriale nella settimana di ferragosto. Alle 12 di\u00a0oggi\u00a0era possibile prenotare una partenza immediatamente per tutte le destinazioni e in tutte le tratte. Il Cagliari-Linate del 14 agosto aveva poltrone libere su sette voli: 13,10, 13,40, 14,30, 15,55, 16,55, 17,40, 20,10. Dieci voli disponibili il 15, altrettanti il 16 e il 17. Ancora posti in partenza perfino nelle date del fine settimana quando inizier\u00e0 il controesodo con centinaia di migliaia di turisti in viaggio dall\u2019isola verso le destinazioni continentali: tre voli venerd\u00ec 18 con posti liberi e due voli domenica 20. Per il rientro dal capoluogo lombardo su Cagliari c\u2019\u00e8 invece la possibilit\u00e0 di scegliere una sistemazione a bordo negli 11 voli operativi dalle 8,20 alle 21,55 di domenica prossima e nessuna difficolt\u00e0 anche per chi volesse acquistare un biglietto sulla stessa tratta in qualunque altro giorno della settimana.<\/p>\n<p>Cagliari-Roma-Cagliari.\u00a0Sempre alle 12 di\u00a0oggi, il viaggiatore che desidera atterrare a Roma da Cagliari poteva scegliere posti su 8 voli dalle 13,55 alle 21,25. Ancora maggiore la disponibilit\u00e0 di poltrone il giorno di ferragosto. Per chi volesse volare il fine settimana sulla stessa rotta pu\u00f2 prenotare sabato su undici voli e domenica su tre voli. Il rientro dall\u2019aeroporto della capitale non presenta difficolt\u00e0: ampia scelta il fine settimana del 19 e 20 agosto e in tutti gli altri giorni della settimana in corso.<\/p>\n<p>Alghero-Milano-Alghero.\u00a0Prenotazioni possibili sotto data in quasi tutti i giorni della settimana andata e ritorno. Qualche esempio:\u00a0domani\u00a0poltrone libere sui voli delle 6,50, 13, 19,55 e 21,30, ancora posti per chi decidesse di volare anche nella giornata calda di sabato 19: alle 12 di\u00a0oggi\u00a0si poteva ancora prenotare sul volo delle 8 e su quello delle 20,40. Il rientro da Milano per il \u201cRiviera del Corallo\u201d si pu\u00f2 programmare sabato (voli delle ore 9,45, 15,40, 18,50, 21,15), domenica 20 (voli delle ore 9,45, 15,40, 18,50, 21,15), o in qualunque altro giorno della settimana.<\/p>\n<p>Alghero-Roma-Alghero.\u00a0Posti in andata disponibili\u00a0oggi,\u00a0domani, mercoled\u00ec e gioved\u00ec e perfino nel fine settimana. Venerd\u00ec 18 si pu\u00f2 partire con cinque voli dalle 6,50 alle 19,20, sabato poltrone libere sui collegamenti delle 6,50 e delle 10,10, domenica ancora biglietti per il volo delle 13,50. Nessun problema per il ritorno da marted\u00ec 15 a domenica 20, mattina, pomeriggio e sera.<\/p>\n<p>Olbia-Milano-Olbia.\u00a0Posti in partenza e in rientro disponibili anche dalla citt\u00e0 gallurese nei giorni dal 14 al 20. La verifica effettuata alle 12 di\u00a0oggi\u00a0dimostra che era possibile acquistare un biglietto sui voli odierni delle 13,10, 15,30, 17,55 e 19,15, in andata. E per esempio delle 9, 12,45, 15,30, 17,20, 19 e 21,05 sul Milano Olbia nella giornata del 20. Poltrone libere in andata anche venerd\u00ec 18 sui voli del mattino.<\/p>\n<p>Olbia-Roma-Olbia.\u00a0Anche su Roma si presenta la medesima condizione appena descritta per la rotta tra Olbia e la citt\u00e0 lombarda:\u00a0oggi\u00a0si poteva partire alle 16,35 e alle 19,55 e rientrare domenica scegliendo tra cinque voli dalle 8,50 alle 21,35. In andata ancora posti disponibili nel primo volo delle 7 della giornata \u201ccalda\u201d di sabato 19.<\/p>\n<p>L\u2019assessore.\u00a0\u201cIl check effettuato stamattina consente di affermare che chi volesse prenotare un volo di andata e ritorno last minute sulle rotte in continuit\u00e0 territoriale nella settimana pi\u00f9 calda dell\u2019estate lo pu\u00f2 fare - dice l\u2019assessore dei Trasporti Carlo Careddu - immaginando per esempio una partenza il 14 e un rientro il 20 su Milano o Roma o anche uno spostamento deciso all\u2019ultimo momento in altre date\u201d.<\/p>\n<p>Il sistema tiene.\u00a0\u201cCi\u00f2 dimostra che l\u2019incremento di posti stabilito il 23 maggio scorso dal Comitato di monitoraggio convocato dalla Regione con quasi un milione e trecentomila poltrone disponibili sta dando i suoi frutti - continua Careddu - e che il sistema della nostra CT1 regge all\u2019impatto straordinario della domanda turistica in costante crescita. In questi giorni siamo comunque in contatto con le compagnie e vigiliamo su una situazione in continua mutazione per limitare ogni eventuale disagio, a partire dal prossimo fine settimana con bollino rosso durante il quale gli aeroporti sardi vedranno migliaia di viaggiatori in partenza\u201d. Red<\/p>\n","protected":false},"excerpt":{"rendered":"<p>Cagliari, 14 Ago 2017 &#8211;\u00a0Disponibilit\u00e0 di posti sulle rotte aeree dalla Sardegna per Roma e Milano in continuit\u00e0 territoriale nella settimana di ferragosto. Alle 12&#8230;<\/p>\n","protected":false},"author":2,"featured_media":145602,"comment_status":"closed","ping_status":"closed","sticky":false,"template":"","format":"standard","meta":[],"categories":[49,51,52],"tags":[],"_links":{"self":[{"href":"https:\/\/www.cronacaonline.it\/index.php\/wp-json\/wp\/v2\/posts\/146939"}],"collection":[{"href":"https:\/\/www.cronacaonline.it\/index.php\/wp-json\/wp\/v2\/posts"}],"about":[{"href":"https:\/\/www.cronacaonline.it\/index.php\/wp-json\/wp\/v2\/types\/post"}],"author":[{"embeddable":true,"href":"https:\/\/www.cronacaonline.it\/index.php\/wp-json\/wp\/v2\/users\/2"}],"replies":[{"embeddable":true,"href":"https:\/\/www.cronacaonline.it\/index.php\/wp-json\/wp\/v2\/comments?post=146939"}],"version-history":[{"count":0,"href":"https:\/\/www.cronacaonline.it\/index.php\/wp-json\/wp\/v2\/posts\/146939\/revisions"}],"wp:featuredmedia":[{"embeddable":true,"href":"https:\/\/www.cronacaonline.it\/index.php\/wp-json\/wp\/v2\/media\/145602"}],"wp:attachment":[{"href":"https:\/\/www.cronacaonline.it\/index.php\/wp-json\/wp\/v2\/media?parent=146939"}],"wp:term":[{"taxonomy":"category","embeddable":true,"href":"https:\/\/www.cronacaonline.it\/index.php\/wp-json\/wp\/v2\/categories?post=146939"},{"taxonomy":"post_tag","embeddable":true,"href":"https:\/\/www.cronacaonline.it\/index.php\/wp-json\/wp\/v2\/tags?post=146939"}],"curies":[{"name":"wp","href":"https:\/\/api.w.org\/{rel}","templated":true}]}}