{"id":146928,"date":"2017-08-14T15:19:21","date_gmt":"2017-08-14T13:19:21","guid":{"rendered":"http:\/\/www.cronacaonline.it\/public\/content\/?p=146928"},"modified":"2017-08-14T15:19:21","modified_gmt":"2017-08-14T13:19:21","slug":"expo-2017-sardegna-protagonista-al-padiglione-italia-di-astana-argiolas-incontra-tour-operator-e-agenzie-di-viaggio-del-kazakistan","status":"publish","type":"post","link":"https:\/\/www.cronacaonline.it\/index.php\/2017\/08\/14\/expo-2017-sardegna-protagonista-al-padiglione-italia-di-astana-argiolas-incontra-tour-operator-e-agenzie-di-viaggio-del-kazakistan\/","title":{"rendered":"Expo 2017, Sardegna protagonista al padiglione Italia di Astana. Argiolas incontra tour operator e agenzie di viaggio del Kazakistan"},"content":{"rendered":"<p>Astana (KZ), 14 Ago 2017 -\u00a0Prima giornata della Sardegna all'Expo di Astana all'insegna della presentazione al pubblico kazako dell'isola e delle sue esperienze. Nella mattinata di ieri, l'assessora del Turismo, Artigianato e Commercio Barbara Argiolas ha incontrato tour operator e agenzie di viaggio nazionali.<\/p>\n<p>\"La Sardegna \u00e8 conosciuta in Kazakistan, ma i numeri sono ancora di nicchia e concentrati soprattutto su balneare e ricettivit\u00e0 di lusso - ha detto Argiolas -. L'obiettivo \u00e8 crescere e gli operatori locali hanno manifestato grande interesse per i temi legati alla longevit\u00e0, alla qualit\u00e0 della vita, all'archeologia e all'impostazione sostenibile della nostra offerta turistica.\" Durante l'incontro, la fondazione Sardegna Film Commission ha anche presentato il progetto video Heroes 20.20.20, legato ai temi della sostenibilit\u00e0.<\/p>\n<p>In serata, invece, nella piazza centrale dell'Expo, in collaborazione con l'ambasciata italiana in Kazakistan, si \u00e8 tenuto il primo momento culturale della Sardegna ad Astana, col concerto in trio del jazzista algherese Enzo Favata.<\/p>\n<p>\u201cSiamo onorati di essere qui ad Astana per l\u2019Expo universale. La Sardegna \u00e8 un\u2019isola al centro del Mediterraneo: la nostra cultura affonda le sue radici nell'identit\u00e0 mediterranea ma da sempre ha una grande capacit\u00e0 di innovare e rinnovarsi. Per questa ragione, qui ad Astana, portiamo la nostra esperienza e le nostre buone pratiche nel campo dell'energia pulita e della sostenibilit\u00e0, perch\u00e9 uno dei pilastri dell'identit\u00e0 sarda \u00e8 l'ambiente e vogliamo preservarlo integro per i nostri figli.<\/p>\n<p>Ma ci presentiamo qui in Kazakistan anche con le nostre espressioni culturali in equilibrio tra tradizione e modernit\u00e0. Distiamo dieci ore di volo da Astana ma la musica \u00e8 un linguaggio internazionale che pu\u00f2 unire mondi lontani e dopo questa esperienza speriamo di avervi presto ospiti da noi\u201d. Cos\u00ec l'esponente della giunta Pigliaru ha salutato il pubblico dopo essere salita sul palco insieme all'ambasciatore Stefan Ravagnan.<\/p>\n<p>Oggi\u00a0seconda giornata di incontri nel Padiglione Italia e poi in serata un nuovo momento di animazione musicale con la world music di Elena Ledda e Mauro Palmas.<\/p>\n<p>&nbsp;<\/p>\n","protected":false},"excerpt":{"rendered":"<p>Astana (KZ), 14 Ago 2017 &#8211;\u00a0Prima giornata della Sardegna all&#8217;Expo di Astana all&#8217;insegna della presentazione al pubblico kazako dell&#8217;isola e delle sue esperienze. Nella mattinata&#8230;<\/p>\n","protected":false},"author":2,"featured_media":146902,"comment_status":"closed","ping_status":"closed","sticky":false,"template":"","format":"standard","meta":[],"categories":[49,51,52],"tags":[],"_links":{"self":[{"href":"https:\/\/www.cronacaonline.it\/index.php\/wp-json\/wp\/v2\/posts\/146928"}],"collection":[{"href":"https:\/\/www.cronacaonline.it\/index.php\/wp-json\/wp\/v2\/posts"}],"about":[{"href":"https:\/\/www.cronacaonline.it\/index.php\/wp-json\/wp\/v2\/types\/post"}],"author":[{"embeddable":true,"href":"https:\/\/www.cronacaonline.it\/index.php\/wp-json\/wp\/v2\/users\/2"}],"replies":[{"embeddable":true,"href":"https:\/\/www.cronacaonline.it\/index.php\/wp-json\/wp\/v2\/comments?post=146928"}],"version-history":[{"count":0,"href":"https:\/\/www.cronacaonline.it\/index.php\/wp-json\/wp\/v2\/posts\/146928\/revisions"}],"wp:featuredmedia":[{"embeddable":true,"href":"https:\/\/www.cronacaonline.it\/index.php\/wp-json\/wp\/v2\/media\/146902"}],"wp:attachment":[{"href":"https:\/\/www.cronacaonline.it\/index.php\/wp-json\/wp\/v2\/media?parent=146928"}],"wp:term":[{"taxonomy":"category","embeddable":true,"href":"https:\/\/www.cronacaonline.it\/index.php\/wp-json\/wp\/v2\/categories?post=146928"},{"taxonomy":"post_tag","embeddable":true,"href":"https:\/\/www.cronacaonline.it\/index.php\/wp-json\/wp\/v2\/tags?post=146928"}],"curies":[{"name":"wp","href":"https:\/\/api.w.org\/{rel}","templated":true}]}}