{"id":146901,"date":"2017-08-12T20:52:58","date_gmt":"2017-08-12T18:52:58","guid":{"rendered":"http:\/\/www.cronacaonline.it\/public\/content\/?p=146901"},"modified":"2017-08-12T20:52:58","modified_gmt":"2017-08-12T18:52:58","slug":"expo-2017-da-domani-la-settimana-della-sardegna-al-padiglione-italia-di-astana-oggi-visita-di-fabio-aru","status":"publish","type":"post","link":"https:\/\/www.cronacaonline.it\/index.php\/2017\/08\/12\/expo-2017-da-domani-la-settimana-della-sardegna-al-padiglione-italia-di-astana-oggi-visita-di-fabio-aru\/","title":{"rendered":"Expo 2017, da\u00a0domani\u00a0la settimana della Sardegna al padiglione Italia di Astana.\u00a0Oggi\u00a0visita di Fabio Aru"},"content":{"rendered":"<p>Cagliari, 12 Ago 2017 - Domani\u00a0inizia la settimana della Sardegna all'Esposizione Universale di Astana, in Kazakistan. Il tema dell'Expo 2017 \u00e8 l'energia futura e l'isola si presenta con le proprie eccellenze e buone pratiche nei campi dell'innovazione, della sostenibilit\u00e0 energetica e della qualit\u00e0 della vita.<\/p>\n<p>Le Repubbliche ex sovietiche stanno diventando un interessante mercato turistico e\u00a0domani\u00a0l'assessora del Turismo Barbara Argiolas, in collaborazione con l'ambasciata italiana in Kazakistan, incontrer\u00e0 venti tour operator del Paese. \"Quello kazako - dice Argiolas - \u00e8 un bacino dalle grandi potenzialit\u00e0, con grande capacit\u00e0 di spesa e che si sta affacciando sul mercato europeo: continuiamo a declinare il concetto della qualit\u00e0 della vita e delle longevit\u00e0, un tema coerente con l'esposizione universale e la sostenibilit\u00e0\".<\/p>\n<p>Oggi, insieme all'ambasciatore italiano Stefano Ravagnan, la Regione Sardegna ha dato il benvenuto al Padiglione Italia a un'altra \"eccellenza\" sarda: il campione di ciclismo Fabio Aru, atleta di punta del team kazako Astana e grande protagonista all'ultimo Tour de France. Red<\/p>\n","protected":false},"excerpt":{"rendered":"<p>Cagliari, 12 Ago 2017 &#8211; Domani\u00a0inizia la settimana della Sardegna all&#8217;Esposizione Universale di Astana, in Kazakistan. Il tema dell&#8217;Expo 2017 \u00e8 l&#8217;energia futura e l&#8217;isola&#8230;<\/p>\n","protected":false},"author":2,"featured_media":146902,"comment_status":"closed","ping_status":"closed","sticky":false,"template":"","format":"standard","meta":[],"categories":[49,51,52],"tags":[],"_links":{"self":[{"href":"https:\/\/www.cronacaonline.it\/index.php\/wp-json\/wp\/v2\/posts\/146901"}],"collection":[{"href":"https:\/\/www.cronacaonline.it\/index.php\/wp-json\/wp\/v2\/posts"}],"about":[{"href":"https:\/\/www.cronacaonline.it\/index.php\/wp-json\/wp\/v2\/types\/post"}],"author":[{"embeddable":true,"href":"https:\/\/www.cronacaonline.it\/index.php\/wp-json\/wp\/v2\/users\/2"}],"replies":[{"embeddable":true,"href":"https:\/\/www.cronacaonline.it\/index.php\/wp-json\/wp\/v2\/comments?post=146901"}],"version-history":[{"count":0,"href":"https:\/\/www.cronacaonline.it\/index.php\/wp-json\/wp\/v2\/posts\/146901\/revisions"}],"wp:featuredmedia":[{"embeddable":true,"href":"https:\/\/www.cronacaonline.it\/index.php\/wp-json\/wp\/v2\/media\/146902"}],"wp:attachment":[{"href":"https:\/\/www.cronacaonline.it\/index.php\/wp-json\/wp\/v2\/media?parent=146901"}],"wp:term":[{"taxonomy":"category","embeddable":true,"href":"https:\/\/www.cronacaonline.it\/index.php\/wp-json\/wp\/v2\/categories?post=146901"},{"taxonomy":"post_tag","embeddable":true,"href":"https:\/\/www.cronacaonline.it\/index.php\/wp-json\/wp\/v2\/tags?post=146901"}],"curies":[{"name":"wp","href":"https:\/\/api.w.org\/{rel}","templated":true}]}}