{"id":146883,"date":"2017-08-12T10:41:38","date_gmt":"2017-08-12T08:41:38","guid":{"rendered":"http:\/\/www.cronacaonline.it\/public\/content\/?p=146883"},"modified":"2017-08-12T10:41:38","modified_gmt":"2017-08-12T08:41:38","slug":"antincendi-dopo-il-super-puma-arriva-la-turbina-nebulizzante","status":"publish","type":"post","link":"https:\/\/www.cronacaonline.it\/index.php\/2017\/08\/12\/antincendi-dopo-il-super-puma-arriva-la-turbina-nebulizzante\/","title":{"rendered":"Antincendi, dopo il super Puma arriva la turbina nebulizzante."},"content":{"rendered":"<p>&nbsp;<\/p>\n<p>Cagliari, 11 Ago 2017\u00a0\u2013 Dopo il super Puma, l\u2019elicottero in uso in Sardegna per la lotta agli incendi e capace di caricare 4.500 litri d\u2019acqua, arriva sull\u2019Isola la turbina nebulizzante. Il nuovo strumento antincendio sar\u00e0 utilizzato gratuitamente e in via sperimentale sui grandi roghi di Sardegna e Calabria, gi\u00e0 dai prossimi giorni.<\/p>\n<p>Come funziona. La turbina, montata in questa fase su mezzi 4x4, pu\u00f2 nebulizzare la poca acqua solitamente disponibile nei luoghi interessati dagli incendi e, lanciata contro le fiamme, raggiunge livelli di successo molto pi\u00f9 efficienti dei classici strumenti utilizzati fino a\u00a0oggi\u00a0per lo spegnimento degli incendi.<\/p>\n<p>L\u2019assessore. \u201cLa macchina antincendi della Regione Sardegna \u2013 ha spiegato l\u2019assessora della Difesa dell\u2019Ambiente, Donatella Spano \u2013 punta sempre di pi\u00f9 sull\u2019utilizzo di nuove tecnologie che garantiscano maggior successo negli interventi e pi\u00f9 sicurezza per gli uomini impegnati a terra. Dopo l\u2019ottima esperienza dell\u2019investimento sul super Puma,\u00a0oggi\u00a0facciamo da territorio pilota nella sperimentazione della nuova turbina\u201d.<\/p>\n<p>Il comandante del CFVA. \u201cAvremo la turbina in comodato d\u2019uso gratuito per due mesi \u2013 ha osservato il comandante regionale del Corpo forestale e Vigilanza ambientale, Gavino Diana \u2013. La societ\u00e0 EmiControls del Polo tecnologico di Trento, dove \u00e8 stato realizzato il nuovo strumento, si occuper\u00e0 della nostra formazione e delle spese di trasporto\u201d.<\/p>\n<p>L'accordo di collaborazione \u00e8 frutto dei costanti rapporti del Corpo forestale della Sardegna con le realt\u00e0 pi\u00f9 dinamiche e avanzate nella ricerca di nuove soluzioni nella lotta agli incendi boschivi, come dimostra anche il fatto che negli anni scorsi il Corpo forestale ha messo a punto una lancia miscelatrice per l'uso dello schiumogeno con mezzi terrestri.<\/p>\n","protected":false},"excerpt":{"rendered":"<p>&nbsp; Cagliari, 11 Ago 2017\u00a0\u2013 Dopo il super Puma, l\u2019elicottero in uso in Sardegna per la lotta agli incendi e capace di caricare 4.500 litri&#8230;<\/p>\n","protected":false},"author":2,"featured_media":146884,"comment_status":"closed","ping_status":"closed","sticky":false,"template":"","format":"standard","meta":[],"categories":[49,51,52],"tags":[],"_links":{"self":[{"href":"https:\/\/www.cronacaonline.it\/index.php\/wp-json\/wp\/v2\/posts\/146883"}],"collection":[{"href":"https:\/\/www.cronacaonline.it\/index.php\/wp-json\/wp\/v2\/posts"}],"about":[{"href":"https:\/\/www.cronacaonline.it\/index.php\/wp-json\/wp\/v2\/types\/post"}],"author":[{"embeddable":true,"href":"https:\/\/www.cronacaonline.it\/index.php\/wp-json\/wp\/v2\/users\/2"}],"replies":[{"embeddable":true,"href":"https:\/\/www.cronacaonline.it\/index.php\/wp-json\/wp\/v2\/comments?post=146883"}],"version-history":[{"count":0,"href":"https:\/\/www.cronacaonline.it\/index.php\/wp-json\/wp\/v2\/posts\/146883\/revisions"}],"wp:featuredmedia":[{"embeddable":true,"href":"https:\/\/www.cronacaonline.it\/index.php\/wp-json\/wp\/v2\/media\/146884"}],"wp:attachment":[{"href":"https:\/\/www.cronacaonline.it\/index.php\/wp-json\/wp\/v2\/media?parent=146883"}],"wp:term":[{"taxonomy":"category","embeddable":true,"href":"https:\/\/www.cronacaonline.it\/index.php\/wp-json\/wp\/v2\/categories?post=146883"},{"taxonomy":"post_tag","embeddable":true,"href":"https:\/\/www.cronacaonline.it\/index.php\/wp-json\/wp\/v2\/tags?post=146883"}],"curies":[{"name":"wp","href":"https:\/\/api.w.org\/{rel}","templated":true}]}}